{"doc_desc":{"title":"Le peuplement de Paris. Origine r\u00e9gionale. Composition sociale. Attitudes et motivations. (1961)","idno":"IE0089 10.48756\/ined-IE0089-3764","producers":[{"name":"Service des Enqu\u00eates et Sondages, Institut national d'\u00e9tudes d\u00e9mographiques","abbreviation":"Ined","affiliation":"","role":""}],"prod_date":"2025","version_statement":{"version":"Version 1.1 (2015-11) : Enrichissement des donn\u00e9es et m\u00e9tadonn\u00e9es\nVersion 2.0 (2021-08-25) : Mise en conformit\u00e9 avec le CESSDA, enrichissement des m\u00e9tadonn\u00e9es\nVersion 2.1 (2025-06-17) : Corrections dans les m\u00e9tadonn\u00e9es","version_date":"2025-06-17"}},"study_desc":{"title_statement":{"idno":"IE0089","title":"Le peuplement de Paris. Origine r\u00e9gionale. Composition sociale. Attitudes et motivations. (1961)","translated_title":"The population of Paris. Regional origins. Social composition. Attitudes and motivations."},"authoring_entity":[{"name":"POURCHER Guy","affiliation":"Ined"}],"production_statement":{"producers":[{"name":"Institut national d'\u00e9tudes d\u00e9mographiques","affiliation":"","role":""},{"name":"Pr\u00e9fecture de la Seine","affiliation":"","role":""}],"prod_date":"1961","funding_agencies":[{"name":"Institut national d'\u00e9tudes d\u00e9mographiques","abbreviation":"Ined","role":""},{"name":"Conseil municipal de Paris \/ Conseil g\u00e9n\u00e9ral de la Seine","abbreviation":"","role":""}]},"distribution_statement":{"distributors":[{"name":"Institut national d'\u00e9tudes d\u00e9mographiques (Ined)","abbreviation":"Progedo-Ined","affiliation":"","uri":"https:\/\/www.ined.fr\/"}],"distribution_date":"2015-11"},"bib_citation":"Le peuplement de Paris. Origine r\u00e9gionale. Composition sociale. Attitudes et motivations. (1961) [fichier de donn\u00e9es]. Ined, Pr\u00e9fecture de la Seine [producteurs]. Ined [diffuseur] https:\/\/doi.org\/10.48756\/ined-IE0089-3764","holdings":[{"text":"","location":"","callno":"","uri":"https:\/\/data.ined.fr\/index.php\/catalog\/13"}],"study_info":{"keywords":[{"keyword":"R\u00e9gion parisienne","vocab":"","uri":""},{"keyword":"Paris","vocab":"","uri":""},{"keyword":"Logement","vocab":"ELSST","uri":"https:\/\/elsst.cessda.eu\/id\/6f628e04-cd98-4e7d-a50c-3078fe506f7f"},{"keyword":"Attitudes","vocab":"ELSST","uri":"https:\/\/elsst.cessda.eu\/id\/6b792ea3-35c2-457a-b422-01f23c084b90"},{"keyword":"Mobilit\u00e9 r\u00e9sidentielle","vocab":"ELSST","uri":"https:\/\/elsst.cessda.eu\/id\/3d92431b-b64d-4266-a464-e3461df55e5d"},{"keyword":"Population urbaine","vocab":"ELSST","uri":"https:\/\/elsst.cessda.eu\/id\/4225b3de-9596-4e10-9b68-18c1e2257b3e"},{"keyword":"M\u00e9nages","vocab":"ELSST","uri":"https:\/\/elsst.cessda.eu\/id\/8a80f878-851c-4f47-a451-a8fe75b81aad"},{"keyword":"Familles","vocab":"ELSST","uri":"https:\/\/elsst.cessda.eu\/id\/37962809-512d-4f33-826f-15446df86392"}],"topics":[{"topic":"5. Habitat, environnement, territoire","vocab":"Ined","uri":"https:\/\/data.ined.fr\/index.php\/catalog\/?page=1&Th%C3%A8mes%5B%5D=3&ps=15"},{"topic":"Am\u00e9nagement et planification du territoire","vocab":"CESSDA Topic Classification","uri":"https:\/\/vocabularies.cessda.eu\/vocabulary\/TopicClassification"},{"topic":"Conditions et indicateurs sociaux","vocab":"CESSDA Topic Classification","uri":"https:\/\/vocabularies.cessda.eu\/vocabulary\/TopicClassification"},{"topic":"Logement","vocab":"CESSDA Topic Classification","uri":"https:\/\/vocabularies.cessda.eu\/vocabulary\/TopicClassification"},{"topic":"Migration","vocab":"CESSDA Topic Classification","uri":"https:\/\/vocabularies.cessda.eu\/vocabulary\/TopicClassification"},{"topic":"Vie communautaire, urbaine et rurale","vocab":"CESSDA Topic Classification","uri":"https:\/\/vocabularies.cessda.eu\/vocabulary\/TopicClassification"}],"abstract":"L'objectif principal de cette enqu\u00eate \u00e9tait de savoir qui \u00e9taient les provinciaux venus s'installer \u00e0 Paris, pourquoi et comment ils avaient pris la d\u00e9cision de venir, puis quels \u00e9taient leur situation ult\u00e9rieure et leurs projets d'avenir ; en un mot, reconstituer leur histoire personnelle.\n\n__________\n\n\nEn 1961, la croissance de la population parisienne \u00e9tait un des ph\u00e9nom\u00e8nes les plus frappants et les plus charg\u00e9s de cons\u00e9quences en France. Au cours des dix derni\u00e8res ann\u00e9es, plus de 100.000 provinciaux migrants par an avaient afflu\u00e9s \u00e0 Paris, posant des probl\u00e8mes de p\u00e9nurie : logements, \u00e9quipements collectifs divers, voies de circulation, eau, etc.\n\nAfin d'\u00e9clairer les d\u00e9bats et les d\u00e9cisions d'am\u00e9nagements qui devaient \u00eatre prises, une connaissance qualitative aussi profonde que possible de l'ensemble des migrants qui affluaient de la province vers la capitale, \u00e9tait n\u00e9cessaire. C'est pourquoi a \u00e9t\u00e9 entreprise une grande enqu\u00eate par sondage : \"Le peuplement de Paris. Origine r\u00e9gionale. Composition sociale. Attitudes et motivations.\".\n\nL'objectif \u00e9tait de savoir qui \u00e9taient les provinciaux venus s'installer \u00e0 Paris, pourquoi et comment ils avaient pris la d\u00e9cision de venir, puis quels \u00e9taient leur situation ult\u00e9rieure et leurs projets d'avenir ; en un mot, reconstituer leur histoire personnelle. On a \u00e9galement cherch\u00e9 \u00e0 conna\u00eetre les appr\u00e9ciations que les migrants portaient sur leur exp\u00e9rience, ainsi que les opinions qu'ils s'\u00e9taient faites de l'existence \u00e0 Paris.\n\nL'autre face, \u00e0 savoir l'\u00e9migration vers la province, a \u00e9t\u00e9 saisie \u00e0 travers les intentions d'avenir. De nombreux d\u00e9parts se produisant au moment de la retraite, il \u00e9tait particuli\u00e8rement significatif d'\u00e9tudier les projets de ceux qui commencaient \u00e0 prendre des dispositions en vue de se retirer. Cette observation s'est situ\u00e9e dans le prolongement de la premi\u00e8re, car on pouvait se demander si les intentions des personnes venues \u00e0 Paris \u00e9taient, sur ce point, les m\u00eames que celles des Parisiens d'origine.","time_periods":[{"start":"1961","end":"1961","cycle":""}],"coll_dates":[{"start":"1960-06","end":"1960-06","cycle":"Premi\u00e8re enqu\u00eate pilote"},{"start":"1960-12","end":"1960-12","cycle":"Deuxi\u00e8me enqu\u00eate pilote"},{"start":"1961-02","end":"1961-11","cycle":"Enqu\u00eate principale"}],"nation":[{"name":"France","abbreviation":"FR"}],"geog_coverage":"Les limites de l'agglom\u00e9ration parisienne \u00e9tendue, telles qu'\u00e9tablies par l'INSEE en 1959, ont \u00e9t\u00e9 adopt\u00e9es dans l'enqu\u00eate. Cette d\u00e9limitation englobait, outre Paris et toutes les communes de la Seine, 134 communes de Seine-et-Oise, et 6 communes de Seine-et-Marne.\nLa population ainsi d\u00e9finit comptait au recensement de 1962, 7,4 millions d'habitants.","analysis_unit":"Individu","universe":"De mani\u00e8re globale, la population \u00e9tudi\u00e9e a \u00e9t\u00e9 celle de l'agglom\u00e9ration parisienne inscrite sur les listes \u00e9lectorales au d\u00e9but de l'ann\u00e9e 1961. Mais il convient de distinguer tr\u00e8s nettement deux populations, correspondant chacune \u00e0 un objectif diff\u00e9rent de l'enqu\u00eate. On peut ainsi parler de deux enqu\u00eates r\u00e9alis\u00e9es simultan\u00e9ment dans le m\u00eame cadre.\n\n* Enqu\u00eate aupr\u00e8s des provinciaux install\u00e9s dans l'agglom\u00e9ration parisienne\nLa population \u00e0 \u00e9tudier a \u00e9t\u00e9 constitu\u00e9e par l'ensemble des personnes qui r\u00e9pondant aux conditions suivantes :\n- inscrites au d\u00e9but de 1961 sur les listes \u00e9lectorales des communes de l'agglom\u00e9ration parisienne \u00e9tendue, \u00e0 condition que leur inscription soit post\u00e9rieure \u00e0 1949 ;\n- n\u00e9es en France m\u00e9tropolitaine, \u00e0 l'ext\u00e9rieur de l'agglom\u00e9ration (en province), en 1911 ou apr\u00e8s, c'est-\u00e0-dire \u00e2g\u00e9es de moins de 50 ans.\n\n* Enqu\u00eate sur les intentions de d\u00e9part\nLa population de sondage relative \u00e0 l'\u00e9tude aupr\u00e8s des Parisiens qui pouvaient envisager de quitter l'agglom\u00e9ration parisienne, aux approches de l'\u00e2ge de la retraite, a \u00e9t\u00e9 constitu\u00e9e par l'ensemble des personnes :\n- inscrites au d\u00e9but de 1961 sur les listes \u00e9lectorales des communes de l'agglom\u00e9ration parisienne \u00e9tendue ;\n- n\u00e9es en France m\u00e9tropolitaine (aussi bien dans l'agglom\u00e9ration parisienne qu'en province) au cours des ann\u00e9es 1901-1910, c'est-\u00e0-dire \u00e2g\u00e9es de 50 \u00e0 60 ans.","data_kind":"Donn\u00e9es d'enqu\u00eate"},"method":{"data_collection":{"time_method":"Transversale","data_collectors":[{"name":"Institut national d'\u00e9tudes d\u00e9mographiques","abbreviation":"Ined","affiliation":""}],"frequency":"Des \u00e9tudes pr\u00e9liminaires en vue de la r\u00e9alisation de l'enqu\u00eate ont eu lieu d\u00e8s le d\u00e9but de l'ann\u00e9e 1960. Une premi\u00e8re enqu\u00eate pilote s'est d\u00e9roul\u00e9e en juin 1960 dans deux arrondissements de Paris et deux communes de banlieue. Au total, 269 personnes ont \u00e9t\u00e9 interrog\u00e9es au cours de cette exp\u00e9rience et l'exploitation des r\u00e9sultats a permis de recueillir des informations utiles \u00e0 l'\u00e9tablissement du plan de sondage et de mettre au point le questionnaire. Toutefois, la forme d\u00e9finitive du questionnaire n'a \u00e9t\u00e9 \u00e9tablie qu'apr\u00e8s une deuxi\u00e8me enqu\u00eate plus approfondie aupr\u00e8s d'une cinquantaine de migrants et qui s'est d\u00e9roul\u00e9e en d\u00e9cembre 1960.\nFinalement, l'enqu\u00eate r\u00e9elle a pris la forme de visites \u00e0 domicile, qui se sont d\u00e9roul\u00e9es du mois de f\u00e9vrier au mois de novembre 1961, avec un ralentissement au cours des deux mois d'\u00e9t\u00e9.","sampling_procedure":"Probabiliste : stratifi\u00e9\n\t\tSondage al\u00e9atoire par tirage au sort dans les listes \u00e9lectorales\n\nL'\u00e9chantillon a \u00e9t\u00e9 constitu\u00e9 ainsi : dans un premier temps, 34 quartiers de Paris et 51 communes de banlieue ont \u00e9t\u00e9 tir\u00e9s au sort apr\u00e8s une stratification pr\u00e9alable tenant compte du caract\u00e8re socio-professionnel et du rythme de croissance de chacune de ces circonscriptions. Dans un deuxi\u00e8me temps, il a \u00e9t\u00e9 effectu\u00e9 un tirage au sort de personnes inscrites sur les listes \u00e9lectorales des mairies des communes ou quartiers \u00e9chantillonn\u00e9es. Ce tirage a eu lieu parmi ceux qui faisaient partie des populations \u00e0 \u00e9tudier, de telle sorte que le taux de sondage s'\u00e9tablisse au 1\/175 pour la population des migrants, au 1\/350 pour la population des personnes \u00e2g\u00e9es de 50 \u00e0 60 ans. Ainsi, un \u00e9chantillon de personnes a \u00e9t\u00e9 form\u00e9 comprenant 6627 noms.","coll_mode":["Entretien en face-\u00e0-face : papier et crayon (PAPI)\n\t\t\n\t\tChaque enqu\u00eateur recevait une liste d'une vingtaine de personnes \u00e0 visiter, toutes domicili\u00e9es dans un m\u00eame secteur d'enqu\u00eate. Il disposait d'une semaine pour recueillir les questionnaires correspondants, ou des informations pr\u00e9cises concernant les personnes \u00e9chantillonn\u00e9es qui ne pouvaient \u00eatre jointes apr\u00e8s plus de trois visites rendues \u00e0 leur domicile."],"research_instrument":"Questionnaire semi-structur\u00e9\n\t\t\n\t\tUn questionnaire unique a \u00e9t\u00e9 \u00e9tabli pour les deux enqu\u00eates, aupr\u00e8s des migrants et sur les intentions de d\u00e9part, les questions \u00e0 poser \u00e0 chaque personne \u00e9tant d\u00e9termin\u00e9es sur place par l'enqu\u00eateur. Le document comportait au total 21 s\u00e9ries de questions. Les informations demand\u00e9es \u00e0 toutes les personnes interrog\u00e9es pouvaient \u00eatre group\u00e9es dans les rubriques suivantes :\n-la situation de famille et l'\u00e9tat civil,\n-l'origine familiale,\n-le niveau d'instruction, la formation professionnelle,\n-la profession actuelle et les professions successivement exerc\u00e9es ainsi que les \u00e2ges au moment du changement,\n-le cas \u00e9ch\u00e9ant, des renseignements sur l'origine et sur la profession du conjoint ainsi que sur les enfants,\n-les conditions de logement,\n-les intentions d'avenir,\n-les attitudes et les opinions concernant Paris.\n\nEn outre, il a \u00e9t\u00e9 pos\u00e9 aux seuls provinciaux arriv\u00e9s dans l'agglom\u00e9ration parisienne apr\u00e8s 1944 ind\u00e9pendamment de leurs parents, des questions se rapportant :\n-aux motifs et aux circonstances de l'arriv\u00e9e dans l'agglom\u00e9ration parisienne,\n-aux liens avec Paris avant l'arriv\u00e9e,\n-\u00e0 l'emploi ou \u00e0 l'occupation dans la localit\u00e9 de provenance,\n-au premier emploi dans l'agglom\u00e9ration parisienne,\n-au logement \u00e0 l'arriv\u00e9e,\n-aux premi\u00e8res impressions,\n-aux liens avec le pays d'origine avec d'autres migrants,\n-aux difficult\u00e9s \u00e9ventuelles rencontr\u00e9es dans l'agglom\u00e9ration parisienne.\n\nLe questionnaire comportait aussi, destin\u00e9es aux personnes aux approches de la retraite, des questions plus pr\u00e9cises concernant les projets et les intentions \u00e9ventuelles de d\u00e9part.","weight":"L'\u00e9chantillon final d'\u00e9lecteurs est autopond\u00e9r\u00e9 et peut \u00eatre assimil\u00e9 \u00e0 un sondage au 175e ou au 350e selon l'enqu\u00eate (migrants \/ intentions de d\u00e9part)."},"analysis_info":{"response_rate":"Au total, 3879 questionnaires ont \u00e9t\u00e9 recueillis par 123 enqu\u00eateurs, ayant effectu\u00e9 2558 journ\u00e9es d'enqu\u00eate sur le terrain et 14434 visites aupr\u00e8s des personnes \u00e0 interroger.\nSur les 6627 personnes tir\u00e9es au sort, 3897 (59%) ont r\u00e9pondu, 913 (14%) ont refus\u00e9 de r\u00e9pondre, et 1835 (28%) n'ont pas pu r\u00e9pondre pour cause d'absence, d\u00e9m\u00e9nagement, maladie..."}},"data_access":{"dataset_availability":{"access_place":"Quetelet Progedo Diffusion","access_place_uri":"https:\/\/commande.progedo.fr\/fr\/utilisateur\/connexion","original_archive":"DataLab - Service des Enqu\u00eates et Sondages - Ined","status":"FPR : Les Fichiers de Production et de Recherche (FPR) sont des donn\u00e9es pseudonymis\u00e9es dont l'acc\u00e8s n\u00e9cessite que le demandeur soit habilit\u00e9 par le Comit\u00e9 du secret statistique.","complete":"Tous les questionnaires recueillis n'ont pas pu \u00eatre exploit\u00e9s car quelques-uns \u00e9taient incomplets. \nEn distinguant les deux enqu\u00eates, la r\u00e9partition suivante des 3879 documents recueillis a \u00e9t\u00e9 obtenue, montrant le tr\u00e8s faible nombre de questionnaires inexploitables :\n- enqu\u00eate aupr\u00e8s des migrants : 2534.\n- enqu\u00eate d\u00e9part : 1312.\n- inexploitables : 33.\n\nLes donn\u00e9es ont \u00e0 l'origine \u00e9t\u00e9 transcrites sur cartes perfor\u00e9es, en vue d'une exploitation m\u00e9canographique. Elles ont fait l'objet, beaucoup plus tard, d'un travail de transformation en base SAS. Ces manipulations ont l\u00e9g\u00e8rement alt\u00e9r\u00e9 le nombre de donn\u00e9es disponibles (voir d\u00e9tails de la base)."},"dataset_use":{"conf_dec":[{"txt":"Si la demande est accept\u00e9e, cela conduit \u00e0 la signature d'un engagement individuel \u00e0 destination de l'Ined, et d'un engagement de confidentialit\u00e9 \u00e0 destination du Comit\u00e9 du Secret Statistique. Ces engagements requi\u00e8rent :  \n\t\t-D'utiliser les donn\u00e9es exclusivement dans une finalit\u00e9 de recherche ;\n\t\t-De ne pas c\u00e9der ces donn\u00e9es, sous quelque forme que ce soit, \u00e0 une tierce personne, que ce soit \u00e0 titre gratuit ou on\u00e9reux ;\n\t\t-De traiter ces donn\u00e9es conform\u00e9ment aux r\u00e8gles de l'art et du secret statistique ;\n\t\t-De mentionner la source des donn\u00e9es dans mes communications, publications\u2026 conform\u00e9ment au mod\u00e8le de citation pour l'utilisation des donn\u00e9es (cf. ci-apr\u00e8s) ;\n\t\t-D'informer le diffuseur de mes communications, publications\u2026 et lui en faire parvenir les  r\u00e9f\u00e9rences ;\n\t\t-D'informer le diffuseur des constats relatifs \u00e0 la qualit\u00e9 des donn\u00e9es ou \u00e0 leur difficult\u00e9 d'utilisation ;\n\t\t-D'informer le diffuseur de toute r\u00e9utilisation des donn\u00e9es pour une autre recherche que celle sp\u00e9cifi\u00e9e ci-dessus ;\n\t\t-De d\u00e9truire les fichiers \u00e0 l'issue du travail de recherche ;\n\t\t-De respecter la r\u00e8glementation en mati\u00e8re de protection des donn\u00e9es personnelles.","required":"","form_no":"","uri":""}],"restrictions":"Les fichiers diffus\u00e9s dans le cadre de Quetelet-PROGEDO-Diffusion sont accessibles aux chercheurs fran\u00e7ais et \u00e9trangers, doctorants, post-doctorants, et \u00e9tudiants de master \u00e0 des fins de recherche, de production scientifique et dans certains cas d'enseignement. Toute utilisation commerciale est exclue.\n\t\tLes crit\u00e8res d'une finalit\u00e9 de recherche sont la production ou reproduction, dans un but de validation de connaissances nouvelles de port\u00e9e g\u00e9n\u00e9rale. Les r\u00e9sultats sont publics et libres de diffusion.","contact":[{"name":"BARON Julie","affiliation":"Ined","email":"enquetes@ined.fr","uri":""}],"cit_req":"La publication de r\u00e9sultats doit syst\u00e9matiquement faire mention de la source : \nLe peuplement de Paris. Origine r\u00e9gionale. Composition sociale. Attitudes et motivations. (1961) [fichier de donn\u00e9es]. Ined, Pr\u00e9fecture de la Seine [producteurs]. Ined [diffuseur] https:\/\/doi.org\/10.48756\/ined-IE0089-3764","deposit_req":"Afin de fournir aux organismes producteurs l'information essentielle concernant l'utilisation des donn\u00e9es, les utilisateurs de donn\u00e9es sont tenus d'envoyer \u00e0 l'Ined (enquetes@ined.fr) publications r\u00e9alis\u00e9es \u00e0 partir de l'exploitation des donn\u00e9es de l'enqu\u00eate en envoyant la r\u00e9f\u00e9rence bibliographique et le r\u00e9sum\u00e9.","conditions":"L'acceptation de la demande faite sur le portail de commande de Quetelet-PROGEDO-Diffusion d\u00e9pend du statut de l'utilisateur, de la pr\u00e9sence d'une adresse e-mail institutionnelle et d'un projet de recherche. Si la demande est accept\u00e9e, cela conduit \u00e0 la signature d'un engagement individuel \u00e0 destination de l'Ined, et d'un engagement de confidentialit\u00e9 \u00e0 destination du Comit\u00e9 du Secret Statistique. Si les donn\u00e9es sont analys\u00e9es de mani\u00e8re collective, tous les membres du groupe de travail doivent faire une demande d'acc\u00e8s.","disclaimer":"L'Ined ne peut \u00eatre tenu responsable des interpr\u00e9tations ou d\u00e9ductions faites \u00e0 partir de l'utilisation des donn\u00e9es."}}},"schematype":"survey"}