{"doc_desc":{"title":"Les Touareg Kel Kummer (1968-1972)","idno":"IE0111","producers":[{"name":"MORISSET Amandine","abbreviation":"","affiliation":"Service des enqu\u00eates et des sondages, Ined","role":""}],"prod_date":"2010-06-10","version_statement":{"version":"Version 1.0 (2011-05-03)\nVersion 2.0 (2021-08-25) : Mise en conformit\u00e9 avec le CESSDA, enrichissement des m\u00e9tadonn\u00e9es\n\nFiche en cours de construction","version_date":"2021-08-25"}},"study_desc":{"title_statement":{"idno":"IE0111","title":"Les Touareg Kel Kummer (1968-1972)","translated_title":"The Touareg of Kel Kummer"},"authoring_entity":[{"name":"CHAVENTRE Andr\u00e9","affiliation":"Ined"}],"production_statement":{"producers":[{"name":"Institut national d'\u00e9tudes d\u00e9mographiques","affiliation":"","role":""}],"prod_date":"1971"},"distribution_statement":{"distributors":[{"name":"Institut national d'\u00e9tudes d\u00e9mographiques","abbreviation":"Ined","affiliation":"","uri":"https:\/\/www.ined.fr\/"}]},"study_info":{"keywords":[{"keyword":"G\u00e9n\u00e9tique","vocab":"ELSST","uri":"https:\/\/elsst.cessda.eu\/id\/df2c54c4-4f48-4da5-a0bf-e39cd8efa45d"},{"keyword":"Minorit\u00e9s ethniques","vocab":"ELSST","uri":"https:\/\/elsst.cessda.eu\/id\/529f142d-fb1b-443b-99c6-8a0d8d87ce0e"},{"keyword":"\u00c9trangers","vocab":"ELSST","uri":"https:\/\/elsst.cessda.eu\/id\/6aecaace-fccf-4747-a0b5-3d7ef6116764"},{"keyword":"Groupes minoritaires","vocab":"ELSST","uri":"https:\/\/elsst.cessda.eu\/id\/030158d8-5fe7-416b-8050-9fb7a3a9b43e"}],"abstract":"[A venir] Pour plus d'informations voir : https:\/\/doi.org\/10.3406\/adh.1976.1308","time_periods":[{"start":"1968","end":"1972","cycle":""}],"coll_dates":[{"start":"1968","end":"1970","cycle":"Collecte des donn\u00e9es ethnologiques"},{"start":"1971-10","end":"1971-12","cycle":"Collecte d'\u00e9chantillons sanguins"}],"nation":[{"name":"Mali","abbreviation":"ML"}],"analysis_unit":"Autre","universe":"Tribu touareg du Sud Sahara (les Ioullemmeden Kel Kummer)","data_kind":"Donn\u00e9es cliniques ou m\u00e9dicales"}},"schematype":"survey"}