{"doc_desc":{"title":"Le goitre end\u00e9mique chez les Bwa du Mali (1980)","idno":"IE0158","producers":[{"name":"Service des enqu\u00eates et des sondages, Ined, Institut national d'\u00e9tudes d\u00e9mographiques","abbreviation":"Ined","affiliation":"","role":""}],"prod_date":"2026-02-09","version_statement":{"version":"Version 1.0 (2011-06-10) Version 2.0 (2021-08-25) : Mise en conformit\u00e9 avec le CESSDA, enrichissement des m\u00e9tadonn\u00e9es Version 3. 0 (2025-12-30)","version_date":"2026-02-09"}},"study_desc":{"title_statement":{"idno":"IE0158","title":"Le goitre end\u00e9mique chez les Bwa du Mali (1980)","translated_title":"Endemic goiter among the Bwa of Mali"},"authoring_entity":[{"name":"BELLIS Gil","affiliation":"Ined"},{"name":"CHAVENTR\u00c9 Andr\u00e9","affiliation":"Ined"}],"oth_id":[{"name":"AG RHALY Abdoulaye","affiliation":"Institut National de Recherche en Sant\u00e9 Publique (INRSP) Mali","email":"","role":"M\u00e9decin"},{"name":"BISSET Jean-Pierre","affiliation":"H\u00f4pital de La Timone Marseille","email":"","role":"M\u00e9decin"},{"name":"ROUX Fran\u00e7ois","affiliation":"H\u00f4pital de La Timone Marseille","email":"","role":"M\u00e9decin"}],"production_statement":{"producers":[{"name":"Institut national d'\u00e9tudes d\u00e9mographiques","affiliation":"","role":""}]},"distribution_statement":{"distributors":[{"name":"Institut national d'\u00e9tudes d\u00e9mographiques","abbreviation":"Progedo-Ined","affiliation":"","uri":"https:\/\/www.ined.fr\/"}],"distribution_date":"2011-06-10"},"bib_citation":"CHAVENTRE Andr\u00e9, BELLIS Gil, Le goitre end\u00e9mique chez les Bwa du Mali (1980). Ined [producteur ].","holdings":[{"text":"","location":"","callno":"","uri":"https:\/\/data.ined.fr\/index.php\/catalog\/197"}],"study_info":{"keywords":[{"keyword":"G\u00c9N\u00c9TIQUE","vocab":"ELSST","uri":"https:\/\/elsst.cessda.eu\/id\/3\/df2c54c4-4f48-4da5-a0bf-e39cd8efa45d"},{"keyword":"MALADIES NUTRITIONNELLES ET M\u00c9TABOLIQUES","vocab":"ELSST","uri":"https:\/\/elsst.cessda.eu\/id\/3\/52a483dc-5ea7-47e8-9ea6-73ddef2ba730"},{"keyword":"MALNUTRITION","vocab":"ELSST","uri":"https:\/\/elsst.cessda.eu\/id\/3\/4ea208aa-a59c-4edf-9cfd-54ec61923a11"},{"keyword":"MINORIT\u00c9S ETHNIQUES","vocab":"ELSST","uri":"https:\/\/elsst.cessda.eu\/id\/3\/529f142d-fb1b-443b-99c6-8a0d8d87ce0e"},{"keyword":"SANTE","vocab":"ELSST","uri":"https:\/\/elsst.cessda.eu\/id\/91c1b36f-85ff-4345-9678-86a4950fe57a"},{"keyword":"SANTE PUBLIQUE","vocab":"ELSST","uri":"https:\/\/elsst.cessda.eu\/id\/3\/2884bafb-6782-421d-982d-84684d718745"},{"keyword":"TROUBLES THYRO\u00cfDIENS","vocab":"ELSST","uri":"https:\/\/elsst.cessda.eu\/id\/3\/60cfd525-83b0-421b-b340-a362d3289c8c"}],"topics":[{"topic":"3. Esp\u00e9rance de vie, Mortalit\u00e9, Sant\u00e9","vocab":"Ined","uri":"https:\/\/data.ined.fr\/index.php\/catalog\/"},{"topic":"Maladies, troubles sp\u00e9cifiques et conditions m\u00e9dicales","vocab":"CESSDA Topic Classification","uri":"https:\/\/vocabularies.cessda.eu\/vocabulary\/TopicClassification_[CODE]?v=4.2.2"},{"topic":"Minorit\u00e9s","vocab":"CESSDA Topic Classification","uri":"https:\/\/vocabularies.cessda.eu\/vocabulary\/TopicClassification_[CODE]?v=4.2.2"},{"topic":"Sant\u00e9 publique","vocab":"CESSDA Topic Classification","uri":"https:\/\/vocabularies.cessda.eu\/vocabulary\/TopicClassification_[CODE]?v=4.2.2"},{"topic":"Signes et sympt\u00f4mes ; conditions pathologiques","vocab":"CESSDA Topic Classification","uri":"https:\/\/vocabularies.cessda.eu\/vocabulary\/TopicClassification_[CODE]?v=4.2.2"}],"abstract":"Cette enqu\u00eate fait partie d\u2019un ensemble plus large d\u2019enqu\u00eates initi\u00e9es au Mali \u00e0 la fin des ann\u00e9es 1960 par le D\u00e9partement d'anthropologie et de d\u00e9mographie g\u00e9n\u00e9tique de l\u2019Ined. Elle portait sur la population de Sirao, village de 580 habitants situ\u00e9 au Sud-est du Mali. Habit\u00e9 par l\u2019ethnie des Bwa, Sirao \u00e9tait \u00e0 l\u2019\u00e9poque consid\u00e9r\u00e9 comme un isolat ayant la particularit\u00e9 de pr\u00e9senter une forte pr\u00e9valence de goitre end\u00e9mique, affection thyro\u00efdienne due \u00e0 une carence en iode. L\u2019enqu\u00eate \u00e9tait men\u00e9e par une \u00e9quipe pluridisciplinaire de g\u00e9n\u00e9ticiens des populations, anthropologues, m\u00e9decins, biologistes, d\u00e9mographes et psychologues. Elle associait plusieurs m\u00e9thodes : m\u00e9dicales et \u00e9pid\u00e9miologiques, dressant le bilan de la pathologie ; biographiques, recourant aux relev\u00e9s g\u00e9n\u00e9alogiques et au recueil des donn\u00e9es d\u00e9mographiques classiques (recensements, \u00e9tat civil, \u00ab cahier de village \u00bb\u2026) ; ainsi que des investigations g\u00e9n\u00e9tiques et psychom\u00e9triques.","time_periods":[{"start":"1980-01-01","end":"1995-12-31","cycle":""}],"coll_dates":[{"start":"1980-01-01","end":"1995-12-31","cycle":""}],"nation":[{"name":"Mali","abbreviation":"ML"}],"geog_coverage":"Village de Sirao (ethnie Bwa, Mali)","analysis_unit":"Individu","universe":"L\u2019enqu\u00eate portait sur l\u2019ensemble de la population habitant le village de Sirao au moment de l\u2019enqu\u00eate, \u00e0 l\u2019exception de pr\u00e9l\u00e8vements sanguins qui n\u2019ont pas \u00e9t\u00e9 effectu\u00e9s chez les enfants de moins de 6 ans.","data_kind":"Donn\u00e9es cliniques ou m\u00e9dicales, Donn\u00e9es issues d'un recensement, Donn\u00e9es administratives, Test psychologique"},"method":{"data_collection":{"time_method":"S\u00e9rie temporelle : discr\u00e8te","frequency":"En ce qui concerne les examens m\u00e9dicaux et les pr\u00e9l\u00e8vements sanguins (dosage des hormones thyro\u00efdiennes), ils ont \u00e9t\u00e9 effectu\u00e9s entre 1980 et 1995, en plusieurs vagues.","sampling_procedure":"Univers complet \/ d\u00e9nombrement complet\nEnsemble de la population habitant le village de Sirao au Mali.","coll_mode":["Entretien en face-\u00e0-face : papier et crayon (PAPI)\nLa collecte a consist\u00e9 en des diagnostics m\u00e9dicaux, des relev\u00e9s g\u00e9n\u00e9alogiques, un recueil des donn\u00e9es du recensement et de l\u2019\u00e9tat civil, pr\u00e9l\u00e8vements sanguins, analyses g\u00e9n\u00e9tiques et tests psychom\u00e9triques.","Mesures et tests psychologiques\nLa collecte a consist\u00e9 en des diagnostics m\u00e9dicaux, des relev\u00e9s g\u00e9n\u00e9alogiques, un recueil des donn\u00e9es du recensement et de l\u2019\u00e9tat civil, pr\u00e9l\u00e8vements sanguins, analyses g\u00e9n\u00e9tiques et tests psychom\u00e9triques.","Mesures et tests de caract\u00e9ristiques physiques\nLa collecte a consist\u00e9 en des diagnostics m\u00e9dicaux, des relev\u00e9s g\u00e9n\u00e9alogiques, un recueil des donn\u00e9es du recensement et de l\u2019\u00e9tat civil, pr\u00e9l\u00e8vements sanguins, analyses g\u00e9n\u00e9tiques et tests psychom\u00e9triques.","Compilation \/ synth\u00e8se\nLa collecte a consist\u00e9 en des diagnostics m\u00e9dicaux, des relev\u00e9s g\u00e9n\u00e9alogiques, un recueil des donn\u00e9es du recensement et de l\u2019\u00e9tat civil, pr\u00e9l\u00e8vements sanguins, analyses g\u00e9n\u00e9tiques et tests psychom\u00e9triques."],"research_instrument":"Instrument(s) technique(s)"}}},"schematype":"survey"}