{"doc_desc":{"title":"Les usages des langues dans la recherche publique en France (2006-2008)","idno":"IE0217","producers":[{"name":"","abbreviation":"","affiliation":"Service des enqu\u00eates et des sondages, Ined","role":""}],"version_statement":{"version":"Version 1.1 (2014-08)\nVersion 2.0 (2021-08-25) : Mise en conformit\u00e9 avec le CESSDA, enrichissement des m\u00e9tadonn\u00e9es","version_date":"2021-08-25"}},"study_desc":{"title_statement":{"idno":"IE0217","title":"Les usages des langues dans la recherche publique en France (2006-2008)","alt_title":"ELVIRE","translated_title":"Use of languages in French public research (2006-2008)"},"authoring_entity":[{"name":"HERAN Fran\u00e7ois","affiliation":"Ined"}],"production_statement":{"producers":[{"name":"Institut national d'\u00e9tudes d\u00e9mographiques","affiliation":"","role":""}],"prod_date":"2009","funding_agencies":[{"name":"Institut national d'\u00e9tudes d\u00e9mographiques","abbreviation":"Ined","role":""},{"name":"Minist\u00e8re de la Culture et de la Communication","abbreviation":"","role":""}]},"holdings":[{"text":"","location":"","callno":"","uri":"https:\/\/ses-nada.web.ined.fr\/index.php\/catalog\/230"}],"study_info":{"keywords":[{"keyword":"France","vocab":"","uri":""},{"keyword":"Langue de travail","vocab":"ELSST","uri":"https:\/\/elsst.cessda.eu\/id\/6039cea5-5b89-4aa6-aaba-86951ebcd828"},{"keyword":"Travail de recherche","vocab":"ELSST","uri":"https:\/\/elsst.cessda.eu\/id\/75ed25d9-771c-4142-a362-e944ad716efe"},{"keyword":"Chercheurs","vocab":"ELSST","uri":"https:\/\/elsst.cessda.eu\/id\/22a3d3e0-6e09-4f9a-aec4-bb08e3e76f98"},{"keyword":"Langues","vocab":"ELSST","uri":"https:\/\/elsst.cessda.eu\/id\/423c5b40-40a7-4cf1-af4e-cea93cfbe002"},{"keyword":"Linguistique","vocab":"ELSST","uri":"https:\/\/elsst.cessda.eu\/id\/da8c6947-2999-41bf-914b-9360015e85c6"},{"keyword":"Recherche","vocab":"ELSST","uri":"https:\/\/elsst.cessda.eu\/id\/b69c7934-422e-4bd7-be4f-4faf04401970"},{"keyword":"Secteur public","vocab":"ELSST","uri":"https:\/\/elsst.cessda.eu\/id\/b3fb51f0-f7c8-4a13-a15f-a9d3e4d75c77"}],"abstract":"L'objectif de cette enqu\u00eate \u00e9tait de livrer une description repr\u00e9sentative des usages des langues vivantes dans la recherche publique en France, en recueillant les r\u00e9flexions et initiatives des acteurs de la recherche.\n\n__________\n\n\nJusqu'\u00e0 2008 il n'existait aucune donn\u00e9e repr\u00e9sentative sur les langues de travail r\u00e9ellement en usage dans les laboratoires de recherche publique en France. Or la recherche fran\u00e7aise s'internationalisait \u00e0 grands pas, pouss\u00e9e par les programmes europ\u00e9ens, le d\u00e9veloppement des partenariats, les exigences de publication dans des revues de r\u00e9f\u00e9rence, la pr\u00e9sence accrue de chercheurs \u00e9trangers dans les commissions d'\u00e9valuation...\n\nL'Institut national d'\u00e9tudes d\u00e9mographiques (Ined) a donc d\u00e9cid\u00e9 de r\u00e9aliser une premi\u00e8re enqu\u00eate nationale sur l'usage des langues vivantes dans les activit\u00e9s de recherche.\n\nL'objectif de l'enqu\u00eate \u00e9tait de livrer une description repr\u00e9sentative des usages des langues vivantes dans la recherche publique en France.\n\nIl s'agissait de :\n - situer la place actuelle du fran\u00e7ais, de l'anglais et des autres langues \u00e9trang\u00e8res en fonction des disciplines, des types d'activit\u00e9s (publications, rencontres, s\u00e9minaires, \u00e9changes informels...), des statuts et des ressources linguistiques des r\u00e9pondants ; \n - recueillir les r\u00e9flexions et les initiatives des acteurs de la recherche ; \n - et de d\u00e9crire les exigences et les contraintes qui poussent les scientifiques \u00e0 choisir une langue de travail.","time_periods":[{"start":"2007","end":"2009","cycle":""}],"coll_dates":[{"start":"2007-12","end":"2008-04","cycle":"Enqu\u00eate \"Unit\u00e9\""},{"start":"2008-11","end":"2009-01","cycle":"Enqu\u00eate \"Individu\""}],"nation":[{"name":"France","abbreviation":"FR"}],"geog_coverage":"France m\u00e9tropolitaine","analysis_unit":"Individu","universe":"Les individus concern\u00e9s par l'enqu\u00eate \u00e9taient :\n     - Les chercheurs et enseignants-chercheurs, cadres de recherche, charg\u00e9s de recherche...\n     - Les ing\u00e9nieurs de recherche, ing\u00e9nieurs d'\u00e9tudes, assistants ing\u00e9nieurs et les charg\u00e9s d'\u00e9tudes.\n     - Les doctorants et post-doctorants, PRAG, ATER et autres CDD ou vacataires menant des activit\u00e9s de recherche dans une unit\u00e9 entrant dans le champ de l'enqu\u00eate.","data_kind":"Donn\u00e9es d'enqu\u00eate"},"method":{"data_collection":{"time_method":"Transversale","data_collectors":[{"name":"Institut national d'\u00e9tudes d\u00e9mographiques","abbreviation":"Ined","affiliation":""}],"sampling_procedure":"Non probabiliste \/ Univers complet \/ d\u00e9nombrement complet","coll_mode":["Questionnaire auto-administr\u00e9 : par Internet (CAWI)"],"research_instrument":"Questionnaire structur\u00e9"}}},"schematype":"survey"}