{"doc_desc":{"title":"Trajectoires et origines (2008)","idno":"IE0243 lil-0494 10.13144\/lil-0494","producers":[{"name":"Archives de donn\u00e9es issues de la statistique publique","abbreviation":"ADISP","affiliation":"PROGEDO","role":""},{"name":"DataLab","abbreviation":"","affiliation":"Service des enqu\u00eates et des sondages, INED","role":""}],"version_statement":{"version":"Version 1.0 (2015-08)\n\t\t  Version 2.0 (2022-04-27) : Documentation de la partie basse, mise en coh\u00e9rence avec m\u00e9tadonn\u00e9es ADISP","version_date":"2015-08"}},"study_desc":{"title_statement":{"idno":"IE0243","title":"Trajectoires et origines (2008)","sub_title":"Enqu\u00eate sur la diversit\u00e9 des populations en France","alt_title":"TeO","translated_title":"Trajectories and origins"},"authoring_entity":[{"name":"ALGAVA Elisabeth","affiliation":"INSEE"},{"name":"BEAUCHEMIN Cris","affiliation":"INED"},{"name":"BORREL Catherine","affiliation":"INSEE"},{"name":"HAMEL Christelle","affiliation":"INED"},{"name":"LHOMMEAU Bertrand","affiliation":"INSEE"},{"name":"SIMON Patrick","affiliation":"INED"}],"oth_id":[{"name":"BEQUE Maryline","affiliation":"DREES","email":"","role":"Psycho-sociologue"},{"name":"BERNARD St\u00e9phane","affiliation":"INED","email":"","role":"D\u00e9mographe"},{"name":"BRINBAUM Yael","affiliation":"Universit\u00e9 de Bourgogne, IREDU","email":"","role":"Sociologue"},{"name":"CLEMENT Martin","affiliation":"HALDE","email":"","role":"Sociologue"},{"name":"CONDON St\u00e9phanie","affiliation":"INED","email":"","role":"D\u00e9mographe"},{"name":"DESPLANQUES Guy","affiliation":"INSEE","email":"","role":"Chef du d\u00e9partement de la d\u00e9mographie"},{"name":"HERAN Fran\u00e7ois","affiliation":"INED","email":"","role":"Directeur de l'INED"},{"name":"LAGRANGE Hugues","affiliation":"EHESS\/CNRS, Observatoire sociologique du changement","email":"","role":"Sociologue et politiste"},{"name":"LESNE Maud","affiliation":"INED ; Paris VIII","email":"","role":"D\u00e9mographe"},{"name":"MEURS Dominique","affiliation":"INED ; CNRS-ERMES ; Paris X","email":"","role":"Professeure de sciences \u00e9conomiques"},{"name":"MOGUEROU Laure","affiliation":"Universit\u00e9 Paris - X - Nanterre ; INED","email":"","role":"Maitresse de conf\u00e9rences en science de l'\u00e9ducation"},{"name":"MOISY Muriel","affiliation":"DREES","email":"","role":"D\u00e9mographe"},{"name":"OKBA Mahrez","affiliation":"DARES","email":"","role":"Statisticien"},{"name":"PAILHE Ariane","affiliation":"INED","email":"","role":"Economiste"},{"name":"PAN-KE-SHON Jean-Louis","affiliation":"INED","email":"","role":"Statisticien"},{"name":"PRIMON Jean-Luc","affiliation":"Universit\u00e9 de Nice ; CNRS-URMIS","email":"","role":"Maitre de conf\u00e9rences en sociologie"},{"name":"REGNARD Corinne","affiliation":"SSM Immigration","email":"","role":"D\u00e9mographe"},{"name":"SAFI Mirna","affiliation":"Observatoire sociologique du changement, Sciences Po ; CREST","email":"","role":"Sociologue"},{"name":"SANTELLI Emmanuelle","affiliation":"CNRS-MODYS ; INED","email":"","role":"Sociologue"},{"name":"TIBERJ Vincent","affiliation":"IEP Paris, Centre d'Etudes Europ\u00e9ennes","email":"","role":"Maitre de conf\u00e9rences \u00e0 l'Institut d'\u00e9tudes politiques"}],"production_statement":{"producers":[{"name":"Institut national d'\u00e9tudes d\u00e9mographiques","affiliation":"","role":""},{"name":"Institut national de la statistique et des \u00e9tudes \u00e9conomiques","affiliation":"","role":""}],"prod_date":"2008","funding_agencies":[{"name":"Institut national d'\u00e9tudes d\u00e9mographiques","abbreviation":"INED","role":""},{"name":"Institut national de la statistique et des \u00e9tudes \u00e9conomiques","abbreviation":"INSEE","role":""},{"name":"Agence nationale pour la recherche","abbreviation":"ANR","role":""},{"name":"Direction de la recherche, des \u00e9tudes, de l'\u00e9valuation et des statistiques","abbreviation":"DREES","role":""},{"name":"Direction de l'animation, de la recherche, des \u00e9tudes et des statistiques","abbreviation":"DARES","role":""},{"name":"Haute autorit\u00e9 de lutte contre les discriminations et pour l'\u00e9galit\u00e9","abbreviation":"HALDE","role":""},{"name":"Agence nationale pour la coh\u00e9sion sociale et l'\u00e9galit\u00e9 des chances","abbreviation":"ACSE","role":""},{"name":"Institut d'am\u00e9nagement et d'urbanisme Ile-de-France","abbreviation":"IAU-Idf","role":""},{"name":"Direction interminist\u00e9rielle de la ville","abbreviation":"DIV","role":""},{"name":"Pole Emploi","abbreviation":"","role":""},{"name":"Agence de formation professionnelle des adultes","abbreviation":"AFPA","role":""},{"name":"Agence fran\u00e7aise de d\u00e9veloppement","abbreviation":"AFD","role":""},{"name":"Direction g\u00e9n\u00e9rale de l'urbanisme et de l'habitat et de la construction","abbreviation":"DGUHC","role":""}]},"distribution_statement":{"distributors":[{"name":"Archives de Donn\u00e9es Issues de la Statistique Publique","abbreviation":"ADISP","affiliation":"PROGEDO","uri":"http:\/\/www.progedo-adisp.fr\/"}]},"bib_citation":"Trajectoires et origines, enqu\u00eate sur la diversit\u00e9 des populations en France - 2008, INED, INSEE (producteurs), ADISP (diffuseur). https:\/\/doi.org\/10.13144\/lil-0494","holdings":[{"text":"","location":"","callno":"","uri":"https:\/\/ses-nada.web.ined.fr\/index.php\/catalog\/258"}],"study_info":{"keywords":[{"keyword":"Discrimination raciale","vocab":"ELSST","uri":" https:\/\/elsst.cessda.eu\/id\/30057557-51a4-4f01-93d0-56291cbc4910"},{"keyword":"Education","vocab":"ELSST","uri":" https:\/\/elsst.cessda.eu\/id\/c5310e73-4a7f-4ef6-b8d4-6fe62cef9281"},{"keyword":"G\u00e9n\u00e9rations (\u00c2ge)","vocab":"ELSST","uri":" https:\/\/elsst.cessda.eu\/id\/581888ef-7009-47bd-89be-8f62ac604ded"},{"keyword":"Immigration","vocab":"ELSST","uri":" https:\/\/elsst.cessda.eu\/id\/ebf35305-df80-4770-8bfe-2311389c5331"},{"keyword":"In\u00e9galit\u00e9 sociale","vocab":"ELSST","uri":" https:\/\/elsst.cessda.eu\/id\/5a549b7e-b9f6-4779-ad31-44a7b63ce2d1"},{"keyword":"Logement","vocab":"ELSST","uri":" https:\/\/elsst.cessda.eu\/id\/6f628e04-cd98-4e7d-a50c-3078fe506f7f"},{"keyword":"Identit\u00e9 culturelle","vocab":"ELSST","uri":" https:\/\/elsst.cessda.eu\/id\/2478580d-d307-419f-b744-dd96a1c9946a"},{"keyword":"Migration internationale","vocab":"ELSST","uri":" https:\/\/elsst.cessda.eu\/id\/94feea64-93f8-40c3-acd0-23c197ff6421"},{"keyword":"Sant\u00e9","vocab":"ELSST","uri":" https:\/\/elsst.cessda.eu\/id\/91c1b36f-85ff-4345-9678-86a4950fe57a"}],"topics":[{"topic":"4. Migrations internationales, discrimination, int\u00e9gration","vocab":"Ined","uri":"https:\/\/www.ined.fr\/fr\/recherche\/enquetes\/enquetes-ined\/#theme-4"},{"topic":"Migration","vocab":"","uri":"https:\/\/vocabularies.cessda.eu\/vocabulary\/TopicClassification"},{"topic":"\u00c9galit\u00e9, in\u00e9galit\u00e9 et exclusion sociale","vocab":"","uri":"https:\/\/vocabularies.cessda.eu\/vocabulary\/TopicClassification"},{"topic":"Minorit\u00e9s","vocab":"","uri":"https:\/\/vocabularies.cessda.eu\/vocabulary\/TopicClassification"},{"topic":"Identit\u00e9 culturelle et nationale","vocab":"","uri":"https:\/\/vocabularies.cessda.eu\/vocabulary\/TopicClassification"},{"topic":"Conditions et indicateurs sociaux","vocab":"","uri":"https:\/\/vocabularies.cessda.eu\/vocabulary\/TopicClassification"},{"topic":"Sant\u00e9 et bien-\u00eatre","vocab":"","uri":"https:\/\/vocabularies.cessda.eu\/vocabulary\/TopicClassification"},{"topic":"Services sociaux sp\u00e9cifiques : utilisation et disponibilit\u00e9","vocab":"","uri":"https:\/\/vocabularies.cessda.eu\/vocabulary\/TopicClassification"},{"topic":"Politique du travail et de l'emploi","vocab":"","uri":"https:\/\/vocabularies.cessda.eu\/vocabulary\/TopicClassification"},{"topic":"Politique de protection sociale","vocab":"","uri":"https:\/\/vocabularies.cessda.eu\/vocabulary\/TopicClassification"}],"abstract":"TeO a eu pour objectif d'appr\u00e9hender dans quelle mesure l'origine est en soi un facteur d'in\u00e9galit\u00e9 ou de sp\u00e9cificit\u00e9 dans l'acc\u00e8s aux diff\u00e9rentes ressources de la vie sociale.\n\n__________\n\n\nLes questions d'int\u00e9gration et de discrimination occupent une place importante dans les d\u00e9bats publics. Mais, en 2008, la France manquait encore de statistiques nationales permettant d'\u00e9tudier ces ph\u00e9nom\u00e8nes.\nL'enqu\u00eate TeO a \u00e9t\u00e9 con\u00e7ue pour combler ces lacunes.\nElle a \u00e9t\u00e9 men\u00e9e conjointement par l'INSEE et l'INED afin d'\u00e9tudier les questions d'immigration, d'int\u00e9gration et de discrimination. Elle s'inscrit dans les pas de l'enqu\u00eate Mobilit\u00e9 G\u00e9ographique et Insertion Sociale (MGIS) de 1992, et cherche \u00e0 am\u00e9liorer la connaissance statistique des questions d'immigration et d'int\u00e9gration. L'enqu\u00eate TeO a eu pour objectif d'appr\u00e9hender dans quelle mesure l'origine nationale ou migratoire, combin\u00e9e \u00e0 d'autres facteurs communs \u00e0 toute la soci\u00e9t\u00e9 fran\u00e7aise (\u00e2ge, genre, niveau d'instruction, cat\u00e9gorie sociale, lieu de r\u00e9sidence, etc.), contribue \u00e0 expliquer les in\u00e9galit\u00e9s d'acc\u00e8s au logement, \u00e0 l'emploi, aux loisirs, aux services publics et \u00e0 d'autres ressources de la vie sociale.","coll_dates":[{"start":"2008-09","end":"2009-02","cycle":""}],"nation":[{"name":"France","abbreviation":"FR"}],"geog_coverage":"France m\u00e9tropolitaine","analysis_unit":"Individu","universe":"Ensemble des personnes d'\u00e2ge actif (n\u00e9es entre 1948 et 1990) vivant dans un m\u00e9nage ordinaire en France m\u00e9tropolitaine en 2008\nCinq sous-populations sont distingu\u00e9es :\n     - les immigr\u00e9s, n\u00e9s entre 1948 et 1990 (\u00e2g\u00e9s de 18 \u00e0 60 ans en 2008) ;\n     - les personnes n\u00e9es dans un d\u00e9partement d'Outre-Mer (Dom), n\u00e9es entre 1948 et 1990 (\u00e2g\u00e9s de 18 \u00e0 60 ans) ;\n     - les descendants d'un parent immigr\u00e9, c'est-\u00e0-dire n\u00e9s en France m\u00e9tropolitaine d'une personne n\u00e9e \u00e9trang\u00e8re \u00e0 l'\u00e9tranger, n\u00e9s entre 1958 et 1990 (\u00e2g\u00e9s de 18 \u00e0 50 ans) ;\n     - les descendants d'un parent n\u00e9 dans un Dom, n\u00e9s entre 1958 et 1990 (\u00e2g\u00e9s de 18 \u00e0 50 ans) ;\n     - les autres personnes, n\u00e9es entre 1948 et 1990 (\u00e2g\u00e9es de 18 \u00e0 60 ans en 2008), n'appartenant \u00e0 aucun de ces groupes et constituant un \"groupe t\u00e9moin\" pouvant aussi \u00eatre d\u00e9sign\u00e9 comme \"population de r\u00e9f\u00e9rence\" ou \"groupe majoritaire\".","data_kind":"Donn\u00e9es d'enqu\u00eate","notes":"L'enqu\u00eate TeO a \u00e9t\u00e9 rigoureusement contr\u00f4l\u00e9e par les organismes qui encadrent la statistique publique (CNIS ; CNIL). Elle respecte scrupuleusement le droit des enqu\u00eat\u00e9s : les personnes ont \u00e9t\u00e9 enqu\u00eat\u00e9es de mani\u00e8re volontaire et anonyme."},"method":{"data_collection":{"time_method":"Transversale","data_collectors":[{"name":"Institut national de la statistique et des \u00e9tudes \u00e9conomiques","abbreviation":"INSEE","affiliation":""}],"sampling_procedure":"Probabiliste : multi-\u00e9tapes\n\t\t\n\t\tL'\u00e9chantillon de l'enqu\u00eate est constitu\u00e9 \u00e0 partir de personnes r\u00e9sidant dans une commune de l'\u00e9chantillon-ma\u00eetre et recens\u00e9es lors de l'enqu\u00eate annuelle du recensement (EAR) de 2007. La base de sondage couvre donc l'ensemble des personnes qui vivent dans les communes de moins de 10 000 habitants recens\u00e9es cette ann\u00e9e-l\u00e0 (une sur cinq) et environ 7% de la population vivant dans des communes de plus de 10 000 habitants.\nDeux types d'information ont \u00e9t\u00e9 combin\u00e9es pour tirer un \u00e9chantillon exploitable sur le terrain :\n1) l'information issue des bulletins d'\u00e9tat civil renseignant sur le statut de descendant des personnes ;\n2) l'information issue des bulletins individuels de recensement permettant de retrouver les personnes sur le terrain pour pouvoir les enqu\u00eater.\nLa CNIL a exceptionnellement autoris\u00e9 une saisie sp\u00e9cifique des noms et pr\u00e9noms suite au recensement de 2007 pour 300 000 personnes. Puis apr\u00e8s l'appariement de fichiers qui a permis de constituer une liste de 98 000 personnes susceptibles d'\u00eatre descendantes, constitution d'un \u00e9chantillon de pr\u00e8s de 20 000 fiches adresses de personnes n\u00e9es en France d'un parent n\u00e9 \u00e0 l'\u00e9tranger (immigr\u00e9 ou non) et de 1300 fiches adresses de personnes n\u00e9es en France d'au moins un parent n\u00e9 dans un DOM.","coll_mode":["Entretien en face-\u00e0-face : assist\u00e9 par ordinateur (CAPI \/ CAMI) \/","Questionnaire auto-administr\u00e9 : papier\n\t\t\n\t\tChaque personne s\u00e9lectionn\u00e9e pour participer \u00e0 l'enqu\u00eate \u00e9tait pr\u00e9venue par courrier du passage d'un enqu\u00eateur. Ce courrier fut envoy\u00e9 par les Directions R\u00e9gionales de l'INSEE et comportait une lettre avis et une plaquette de pr\u00e9sentation de l'enqu\u00eate.\nL'enqu\u00eateur prenait ensuite rendez-vous avec la personne \u00e0 interroger, soit en se rendant sur place, soit par t\u00e9l\u00e9phone.\nL'entretien se d\u00e9roulait en face-\u00e0-face, g\u00e9n\u00e9ralement au domicile de la personne. Il \u00e9tait demand\u00e9 au r\u00e9pondant d'\u00eatre (dans la mesure du possible) seul au moment de l'entretien. Le questionnaire se pr\u00e9sentait sous forme informatique. L'enqu\u00eateur \u00e9tait muni d'un ordinateur portable et de quelques documents (CAPI).\nPlus de 500 enqu\u00eateurs ont r\u00e9alis\u00e9 les entretiens en face \u00e0 face, d'une dur\u00e9e moyenne d'1h15, n\u00e9cessaires \u00e0 la collecte des donn\u00e9es."],"research_instrument":"Questionnaire structur\u00e9\n\t\t\n\t\tLe questionnaire a collect\u00e9 des informations \u00e0 la fois transversales (situation au moment de l'enqu\u00eate) et r\u00e9trospectives (\u00ab trajectoires \u00bb). Il a \u00e9galement combin\u00e9 des informations de type objectif (description des situations et des relations), subjectif (attitudes, perceptions, jugements, repr\u00e9sentations) et contextuel (informations sur l'environnement au niveau de la commune et du bassin d'emploi).\n\nLe questionnaire s'organise autour de trois th\u00e9matiques principales :\n- l'environnement familial et social (Habitants du logement ; entourage familial \u00e9largi ; socialisation familiale ; histoire matrimoniale ; relations sociales) ;\n- l'acc\u00e8s aux diff\u00e9rentes ressources de la vie sociale (revenus, \u00e9ducation, emploi, logement, vie citoyenne, sant\u00e9) ;\n- les diff\u00e9rentes dimensions des origines et appartenances culturelles (Lien avec le pays d'origine ; relations transnationales ; religion ; langues ; image de soi et regard des autres) et les discriminations.\n\nLes diff\u00e9rents modules du questionnaire :\n- tableau des habitants du logement (THL)\n- revenus (du m\u00e9nage)\n- nationalit\u00e9 et origine des parents\n- langues\n- trajectoires migratoires et transnationalisme\n- enfants (de l'enqu\u00eat\u00e9)\n- image de soi et regard des autres\n- \u00e9ducation\n- vie professionnelle\n- religion\n- vie matrimoniale\n- logement et cadre de vie\n- vie citoyenne\n- sant\u00e9\n- discriminations\n- relations sociales","coll_situation":"Pour mener \u00e0 bien l'enqu\u00eate aupr\u00e8s des populations immigr\u00e9es les plus r\u00e9cemment install\u00e9es en France, un dispositif de recours \u00e0 des interpr\u00e8tes a \u00e9t\u00e9 localement mis en place pour accompagner les enqu\u00eateurs en cas de difficult\u00e9s. En compl\u00e9ment, diff\u00e9rents documents ont \u00e9t\u00e9 traduits : une liste de mots-cl\u00e9s, de concepts importants, les cartes de codes et la lettre-avis. Au total, 127 entretiens ont \u00e9t\u00e9 r\u00e9alis\u00e9s en pr\u00e9sence d'un interpr\u00e8te.\n\nDes questionnaires courts ou longs pour les descendants d'une personne n\u00e9e \u00e0 l'\u00e9tranger ont \u00e9t\u00e9 utilis\u00e9s. La construction de l'\u00e9chantillon de l'enqu\u00eate a permis de surrepr\u00e9senter les personnes n\u00e9es en France d'un parent n\u00e9 \u00e0 l'\u00e9tranger. Le questionnaire de l'enqu\u00eate a permis ensuite de distinguer parmi les enqu\u00eat\u00e9s, descendants d'une personne n\u00e9e \u00e0 l'\u00e9tranger, ceux qui sont n\u00e9s d'un parent de nationalit\u00e9 \u00e9trang\u00e8re \u00e0 la naissance (descendant d'immigr\u00e9) de ceux qui sont n\u00e9s d'un parent n\u00e9 \u00e0 l'\u00e9tranger mais de nationalit\u00e9 fran\u00e7aise (descendants de rapatri\u00e9s de l'Alg\u00e9rie, descendants d'expatri\u00e9s). Dans ce dernier cas, pour des raisons de co\u00fbt, le protocole de l'enqu\u00eate pr\u00e9voyait que l'entretien soit stopp\u00e9 \u00e0 la fin du module 3 \"nationalit\u00e9 et origine des parents\". Seuls les questionnaires longs (17 modules) ont \u00e9t\u00e9 conserv\u00e9s et sont mis \u00e0 disposition. Toutefois, cette interruption de l'enqu\u00eate pour les descendants d'un parent n\u00e9 fran\u00e7ais \u00e0 l'\u00e9tranger n'a \u00e9t\u00e9 mise en oeuvre que pour le sous-\u00e9chantillon sp\u00e9cifique des descendants d'un parent n\u00e9 \u00e0 l'\u00e9tranger et pas pour l'\u00e9chantillon t\u00e9moin.","method_notes":"Une enqu\u00eate compl\u00e9mentaire aupr\u00e8s des enfants des enqu\u00eat\u00e9s \u00e2g\u00e9s de 18 \u00e0 24 ans r\u00e9sidant chez leurs parents a \u00e9t\u00e9 r\u00e9alis\u00e9e pour approfondir les questions de transmission familiale et de relations parents-enfants. Le questionnaire a \u00e9t\u00e9 d\u00e9clin\u00e9 sous deux versions : une version destin\u00e9e aux jeunes en cours d'\u00e9tudes et une version destin\u00e9e aux jeunes actifs. Ces questionnaires ont \u00e9t\u00e9 distribu\u00e9s lors de l\u2019enqu\u00eate principale. Plus de 3000 questionnaires auto-administr\u00e9s ont \u00e9t\u00e9 collect\u00e9s."},"analysis_info":{"response_rate":"21 800 entretiens longs ont \u00e9t\u00e9 recueillis, dont :\n- 8300 immigr\u00e9s, soit 86% de l'objectif initial (9600) ;\n- 8200 descendants d'immigr\u00e9s, soit 85% de l'objectif initial (9600) ;\n- 700 domiens, 88% de l'objectif initial (800) ;\n- 700 descendants de domiens, 88% de l'objectif initial (800).\n \nSur le champ des fiches adresses qui ont \u00e9t\u00e9 trait\u00e9es et consid\u00e9r\u00e9es dans le champ (apr\u00e8s \u00e9limination des logements impossibles \u00e0 localiser, les personnes d\u00e9c\u00e9d\u00e9es, parties \u00e0 l\u2019\u00e9tranger ou en institution), le taux de r\u00e9ussite (part des entretiens courts ou longs) atteint en moyenne 61%. La part des refus, \u00e9vitements et impossibles \u00e0 joindre atteint en moyenne 22%. Les d\u00e9m\u00e9nagements sans adresse retrouv\u00e9e repr\u00e9sentent 14% et le reste des fiches adresses (moins de 3%) est constitu\u00e9 d'absents de longue dur\u00e9e et de personnes inaptes \u00e0 r\u00e9pondre.","data_appraisal":"L'enqu\u00eate est seulement repr\u00e9sentative des descendants d'immigr\u00e9s, de rapatri\u00e9s, d'expatri\u00e9s ou d'un parent n\u00e9 dans un DOM n\u00e9s apr\u00e8s 1958. L'\u00e9chantillon de l'enqu\u00eate comporte quelques individus de ces cat\u00e9gories n\u00e9s entre 1948 et 1957 mais ils sont trop rares pour permettre des analyses d\u00e9taill\u00e9es. L'\u00e9chantillon de l'enqu\u00eate ne sur-repr\u00e9sente pas les personnes n\u00e9es dans un Tom (ou une Com) ni leurs descendants m\u00eame s'il en compte quelques-uns uns. Les enqu\u00eat\u00e9s de cette cat\u00e9gorie sont donc tr\u00e8s rares ; ils ont \u00e9t\u00e9 agr\u00e9g\u00e9s au groupe t\u00e9moin."}},"data_access":{"dataset_availability":{"access_place":"Application de commande Quetelet PROGEDO Diffusion","access_place_uri":"https:\/\/commande.progedo.fr","original_archive":"ADISP - Archives de Donn\u00e9es Issues de la Statistique Publique","status":"FPR : Les Fichiers Production Recherche (FPR) sont des donn\u00e9es pseudonymis\u00e9es dont l'acc\u00e8s n\u00e9cessite que le demandeur soit habilit\u00e9 par le Comit\u00e9 du secret statistique.","complete":"L'\u00e9chantillon exploitable est de 21 761 individus.","notes":"Les donn\u00e9es sont disponibles aux formats SAS, SPSS, STATA et CSV."},"notes":"Les donn\u00e9es sont disponibles aux formats SAS, SPSS, STATA et CSV.","dataset_use":{"conf_dec":[{"txt":"Pour obtenir les donn\u00e9es, l'utilisateur formule une demande sur le portail de commande de Quetelet-Progedo Diffusion ; accept\u00e9e sous condition de statut, pr\u00e9sence d'une adresse e-mail institutionnelle et d'un projet de recherche.\n              Si la demande est accept\u00e9e, cela conduit \u00e0 la signature d'un engagement individuel \u00e0 destination de l'Adisp, et dans le cas des FPR, d'un engagement de confidentialit\u00e9 \u00e0 destination du Comit\u00e9 du Secret Statistique. Ces engagements requi\u00e8rent :\n              -D'utiliser les donn\u00e9es exclusivement dans une finalit\u00e9 de recherche ;\n              -De ne pas c\u00e9der ces donn\u00e9es, sous quelque forme que ce soit, \u00e0 une tierce personne, que ce soit \u00e0 titre gratuit ou on\u00e9reux ;\n              -De traiter ces donn\u00e9es conform\u00e9ment aux r\u00e8gles de l'art et du secret statistique ;\n              -De mentionner la source des donn\u00e9es dans mes communications, publications\u2026 conform\u00e9ment au mod\u00e8le de citation pour l'utilisation des donn\u00e9es ;\n              -D'informer le diffuseur de ses communications, publications\u2026 et lui en faire parvenir les r\u00e9f\u00e9rences ;\n              -D'informer le diffuseur des constats relatifs \u00e0 la qualit\u00e9 des donn\u00e9es ou \u00e0 leur difficult\u00e9 d'utilisation ;\n              -D'informer le diffuseur de toute r\u00e9utilisation des donn\u00e9es pour une autre recherche que celle sp\u00e9cifi\u00e9e ci-dessus ;\n              -De d\u00e9truire les fichiers \u00e0 l\u2019issue du travail de recherche ;\n              -De respecter la r\u00e8glementation en mati\u00e8re de protection des donn\u00e9es personnelles.","required":"yes","form_no":"","uri":""}],"restrictions":"Les fichiers diffus\u00e9s dans le cadre de Quetelet-Progedo Diffusion sont accessibles aux chercheurs fran\u00e7ais et \u00e9trangers, doctorants, post-doctorants, et \u00e9tudiants de master \u00e0 des fins de recherche, de production scientifique et dans certains cas d\u2019enseignement. Toute utilisation commerciale est exclue.\n              Les crit\u00e8res d\u2019une finalit\u00e9 de recherche sont la production ou reproduction, dans un but de validation de connaissances nouvelles de port\u00e9e g\u00e9n\u00e9rale. Les r\u00e9sultats sont publics et libres de diffusion.","contact":[{"name":"\u00c9quipe de l'Adisp","affiliation":"ADISP","email":"diffusion.adisp@cnrs.fr","uri":""}],"cit_req":"Trajectoires et origines, enqu\u00eate sur la diversit\u00e9 des populations en France - 2008, INED, INSEE (producteurs), ADISP (diffuseur). https:\/\/doi.org\/10.13144\/lil-0494","deposit_req":"Afin de fournir aux organismes producteurs l'information essentielle concernant l'utilisation des donn\u00e9es, les utilisateurs de donn\u00e9es sont tenus d'envoyer \u00e0 l'ADISP (diffusion.adisp@cnrs.fr), si possible sous format \u00e9lectronique, les publications r\u00e9alis\u00e9es \u00e0 partir de l'exploitation des donn\u00e9es de l'enqu\u00eate en envoyant la r\u00e9f\u00e9rence bibliographique et le r\u00e9sum\u00e9.","conditions":"L'utilisateur formule une demande sur le portail de commande de Quetelet-Progedo Diffusion, accept\u00e9e sous condition de statut, pr\u00e9sence d'une adresse e-mail institutionnelle et d'un projet de recherche. Si la demande est accept\u00e9e, cela conduit \u00e0 la signature d'un engagement individuel \u00e0 destination de l'ADISP, et dans le cas des FPR, d'un engagement de confidentialit\u00e9 \u00e0 destination du Comit\u00e9 du Secret Statistique. Si les donn\u00e9es sont utilis\u00e9es de mani\u00e8re collective, tous les membres du groupe de travail doivent faire une demande d'acc\u00e8s.","disclaimer":"Le producteur et le diffuseur des donn\u00e9es ne sont pas responsables des interpr\u00e9tations ou d\u00e9ductions faites \u00e0 partir de l'utilisation des donn\u00e9es."}}},"schematype":"survey"}