{"doc_desc":{"title":"Enqu\u00eate natalit\u00e9 - Ensemble du public - Zone Nord (1942)","idno":"IE0001-2","producers":[{"name":"Service des Enqu\u00eates et Sondages, Institut national d'\u00e9tudes d\u00e9mographiques","abbreviation":"Ined","affiliation":"","role":""}],"version_statement":{"version":"Version 1.0 (2011-03-10)\nVersion 2.0 (2021-08-25) : Mise en conformit\u00e9 avec le CESSDA, enrichissement des m\u00e9tadonn\u00e9es\nVersion 3.0 (2023-09-04) : Fusion des fiches IE0001 et IE0002, enrichissement des m\u00e9tadonn\u00e9es","version_date":"2023-09-04"}},"study_desc":{"title_statement":{"idno":"IE0001-2","title":"Enqu\u00eate natalit\u00e9 - Ensemble du public - Zone Nord (1942)","alt_title":"Enqu\u00eate Natalit\u00e9 1942","translated_title":"Birth rate survey - General public - North zone (1942)"},"authoring_entity":[{"name":"STOETZEL Jean","affiliation":"Fondation fran\u00e7aise pour l\u2019\u00e9tude des probl\u00e8mes humains"}],"production_statement":{"producers":[{"name":"Fondation fran\u00e7aise pour l\u2019\u00e9tude des probl\u00e8mes humains","affiliation":"","role":""}],"prod_date":"1942-11","funding_agencies":[{"name":"Fondation fran\u00e7aise pour l\u2019\u00e9tude des probl\u00e8mes humains","abbreviation":"","role":""}]},"holdings":[{"text":"","location":"","callno":"","uri":"https:\/\/data.ined.fr\/index.php\/catalog\/275"}],"study_info":{"keywords":[{"keyword":"Attitudes","vocab":"ELSST","uri":"https:\/\/elsst.cessda.eu\/id\/3\/6b792ea3-35c2-457a-b422-01f23c084b90"},{"keyword":"Conditions de vie","vocab":"ELSST","uri":"https:\/\/elsst.cessda.eu\/id\/3\/d0bd164b-5a1d-452c-b0a3-725b321f597d"},{"keyword":"Familles","vocab":"ELSST","uri":"https:\/\/elsst.cessda.eu\/id\/3\/37962809-512d-4f33-826f-15446df86392"},{"keyword":"Naissance","vocab":"ELSST","uri":"https:\/\/elsst.cessda.eu\/id\/3\/7bb5a8be-a591-466b-858b-dec717199781"},{"keyword":"Natalit\u00e9","vocab":"ELSST","uri":"https:\/\/elsst.cessda.eu\/id\/3\/d8f31e43-68d0-4b17-a33e-9fee3c5f77b3"},{"keyword":"Opinion public","vocab":"ELSST","uri":"https:\/\/elsst.cessda.eu\/id\/3\/8e1af490-231f-4ec4-9bda-8677bc550d4a"},{"keyword":"Politique familiale","vocab":"ELSST","uri":"https:\/\/elsst.cessda.eu\/id\/3\/617266ca-454a-4844-87d3-9f125b7ea8c6"},{"keyword":"Sondages d'opinion","vocab":"ELSST","uri":"https:\/\/elsst.cessda.eu\/id\/3\/ecdd42eb-5849-4314-9ed5-b5d592dbebca"},{"keyword":"Territoires occup\u00e9s","vocab":"ELSST","uri":"https:\/\/elsst.cessda.eu\/id\/3\/12574f64-b443-4f34-8513-4be69bbfb660"}],"topics":[{"topic":"1. Couples, famille, sexualit\u00e9","vocab":"Ined","uri":"https:\/\/data.ined.fr\/index.php\/catalog\/?page=1&Th%C3%A8mes%5B%5D=7&ps=15"},{"topic":"2. Naissance, f\u00e9condit\u00e9, contraception","vocab":"Ined","uri":"https:\/\/data.ined.fr\/index.php\/catalog\/?page=1&Th%C3%A8mes%5B%5D=9&ps=15"},{"topic":"Comportement social et attitudes","vocab":"CESSDA Topic Classification","uri":"https:\/\/vocabularies.cessda.eu\/vocabulary\/TopicClassification"},{"topic":"Comportements et attitudes politiques","vocab":"CESSDA Topic Classification","uri":"https:\/\/vocabularies.cessda.eu\/vocabulary\/TopicClassification"},{"topic":"Genre et r\u00f4les de genre","vocab":"CESSDA Topic Classification","uri":"https:\/\/vocabularies.cessda.eu\/vocabulary\/TopicClassification"},{"topic":"Politique de protection sociale","vocab":"CESSDA Topic Classification","uri":"https:\/\/vocabularies.cessda.eu\/vocabulary\/TopicClassification"},{"topic":"Religion et valeurs","vocab":"CESSDA Topic Classification","uri":"https:\/\/vocabularies.cessda.eu\/vocabulary\/TopicClassification"},{"topic":"Vie de famille et mariage","vocab":"CESSDA Topic Classification","uri":"https:\/\/vocabularies.cessda.eu\/vocabulary\/TopicClassification"}],"abstract":"L\u2019enqu\u00eate Natalit\u00e9 a \u00e9t\u00e9 r\u00e9alis\u00e9e sous la responsabilit\u00e9 de Jean Stoetzel au sein de la Fondation fran\u00e7aise pour l\u2019\u00e9tude des probl\u00e8mes humains (dite \u00ab Fondation Carrel \u00bb), organisme de recherche confi\u00e9 par le r\u00e9gime de Vichy \u00e0 Alexis Carrel, et auquel a succ\u00e9d\u00e9 l\u2019Ined apr\u00e8s la guerre.\n\t\t\nL\u2019enqu\u00eate cherche \u00e0 \u00e9tudier les dispositions du public \u00e0 l\u2019\u00e9gard de la f\u00e9condit\u00e9 dans le but d\u2019ajuster les mesures politiques du r\u00e9gime de Vichy aux besoins et intentions exprim\u00e9es par la population. Il s\u2019agit en m\u00eame temps de d\u00e9montrer les avantages de la m\u00e9thode des sondages, \u00e0 la fois par rapport aux limites de la statistique publique classique (essentiellement les recensements) et par rapport aux pratiques non scientifiques de consultation de l\u2019opinion promues par les organisations familiales.","time_periods":[{"start":"1942","end":"1942","cycle":""}],"coll_dates":[{"start":"1942-06-01","end":"1942-08-31","cycle":"Collecte"}],"nation":[{"name":"France","abbreviation":"FR"}],"geog_coverage":"France, zone occup\u00e9e","analysis_unit":"Individu","universe":"Femmes et hommes \u00e2g\u00e9es de 20 ans et plus r\u00e9sidant en France occup\u00e9e.","data_kind":"Donn\u00e9es d'enqu\u00eate"},"method":{"data_collection":{"time_method":"Transversale","data_collectors":[{"name":"Fondation fran\u00e7aise pour l'\u00e9tude des probl\u00e8mes humains","abbreviation":"Ined","affiliation":""}],"sampling_procedure":"Non probabiliste : raisonn\u00e9\n\t\t\nChoix des unit\u00e9s \u00e0 enqu\u00eater par les enqu\u00eateurs et enqu\u00eatrices sur le terrain, orient\u00e9s par une nomenclature issue d\u2019un recensement du d\u00e9partement de la Seine.","coll_mode":["Entretien en face-\u00e0-face : papier et crayon (PAPI)\n\t\t\n\t\tLa passation des questionnaires s\u2019est effectu\u00e9e au domicile des enqu\u00eat\u00e9s la plupart du temps."],"research_instrument":"Questionnaire structur\u00e9\n\t\t\n\t\tDeux questionnaires ont \u00e9t\u00e9 utilis\u00e9s pour la collecte des donn\u00e9es (Questionnaire A et Questionnaire B). Dans les deux cas, il s\u2019agit d\u2019un questionnaire directif comprenant 13 questions en plus de celles sur les caract\u00e9ristiques socio-d\u00e9mographiques de la personne enqu\u00eat\u00e9e. La derni\u00e8re question du questionnaire A est la m\u00eame que celle cl\u00f4turant le questionnaire B, le reste des questions diff\u00e8re.","coll_situation":"La moiti\u00e9 de l'\u00e9chantillon total tir\u00e9 a \u00e9t\u00e9 interrog\u00e9e avec le questionnaire A et l'autre moiti\u00e9 avec le questionnaire B. Mobilisation d\u2019enqu\u00eateurs et enqu\u00eatrices professionnel\u00b7les (90 hommes et 13 femmes) r\u00e9mun\u00e9r\u00e9\u00b7es par la Fondation, principalement des enseignant\u00b7es."},"analysis_info":{"response_rate":"782 r\u00e9pondants dont 53% d\u2019hommes et 47% de femmes."}}},"schematype":"survey"}