{"doc_desc":{"title":"Une enqu\u00eate d'opinion sur la conjoncture d\u00e9mographique (1982)","idno":"IE0163 10.48756\/ined-IE0163-4267","producers":[{"name":"","abbreviation":"","affiliation":"Service des enqu\u00eates et des sondages, Ined","role":""}],"prod_date":"2010-01-06","version_statement":{"version":"Version 1.0 (2011-06-30)\nVersion 2.0 (2021-08-25) : Mise en conformit\u00e9 avec le CESSDA, enrichissement des m\u00e9tadonn\u00e9es","version_date":"2021-08-25"}},"study_desc":{"title_statement":{"idno":"IE0163","title":"Une enqu\u00eate d'opinion sur la conjoncture d\u00e9mographique (1982)","translated_title":"Opinion survey on the demographic situation"},"authoring_entity":[{"name":"BASTIDE Henri","affiliation":"Ined"},{"name":"GIRARD Alain","affiliation":"Ined"},{"name":"ROUSSEL Louis","affiliation":"Ined"}],"production_statement":{"producers":[{"name":"Institut national d'\u00e9tudes d\u00e9mographiques","affiliation":"","role":""}],"prod_date":"1982","funding_agencies":[{"name":"Institut national d'\u00e9tudes d\u00e9mographiques","abbreviation":"Ined","role":""}]},"distribution_statement":{"distributors":[{"name":"Institut national d'\u00e9tudes d\u00e9mographiques","abbreviation":"Ined","affiliation":"","uri":"https:\/\/www.ined.fr\/"}],"depositor":[{"name":"","abbreviation":"","affiliation":""}],"distribution_date":"2005"},"series_statement":{"series_name":"Enqu\u00eates d'opinion sur la situation d\u00e9mographique (1974 \u2013 1982)","series_info":"L'Ined a men\u00e9 une s\u00e9rie d'enqu\u00eates entre 1967 et 1982 afin d'\u00e9tudier les attitudes et opinions du public \u00e0 l'\u00e9gard des probl\u00e8mes de population et de la politique familiale en France (immigration, f\u00e9condit\u00e9, emploi, etc.)."},"holdings":[{"text":"","location":"","callno":"","uri":"https:\/\/ses-nada.web.ined.fr\/index.php\/catalog\/30"}],"study_info":{"keywords":[{"keyword":"France","vocab":"","uri":""},{"keyword":"Familles","vocab":"ELSST","uri":"https:\/\/elsst.cessda.eu\/id\/37962809-512d-4f33-826f-15446df86392"},{"keyword":"Valeurs","vocab":"ELSST","uri":"https:\/\/elsst.cessda.eu\/id\/4bde0ab9-1ff6-4821-ac9e-da53b9e01f7a"},{"keyword":"D\u00e9mographie","vocab":"ELSST","uri":"https:\/\/elsst.cessda.eu\/id\/290327e7-0a69-44f7-8348-c9608aee1fad"},{"keyword":"Taux de f\u00e9condit\u00e9","vocab":"ELSST","uri":"https:\/\/elsst.cessda.eu\/id\/7bbac201-fff2-4bb2-8766-84e671165f22"},{"keyword":"Fertilit\u00e9","vocab":"ELSST","uri":"https:\/\/elsst.cessda.eu\/id\/f0c23a85-46b7-4fbe-afdf-345818362649"},{"keyword":"Natalit\u00e9","vocab":"ELSST","uri":"https:\/\/elsst.cessda.eu\/id\/d8f31e43-68d0-4b17-a33e-9fee3c5f77b3"},{"keyword":"Taux de natalit\u00e9","vocab":"ELSST","uri":"https:\/\/elsst.cessda.eu\/id\/696a6b2e-01ff-4330-a003-d4cb3be5d906"}],"topics":[{"topic":"1. Couples, famille, sexualit\u00e9","vocab":"Ined","uri":"https:\/\/www.ined.fr\/fr\/recherche\/enquetes\/enquetes-ined\/#theme-1"},{"topic":"2. Naissance, f\u00e9condit\u00e9, contraception","vocab":"Ined","uri":"https:\/\/www.ined.fr\/fr\/recherche\/enquetes\/enquetes-ined\/#theme-2"},{"topic":"Comportement social et attitudes","vocab":"CESSDA Topic Classification","uri":"https:\/\/vocabularies.cessda.eu\/vocabulary\/TopicClassification"},{"topic":"Conditions et indicateurs sociaux","vocab":"CESSDA Topic Classification","uri":"https:\/\/vocabularies.cessda.eu\/vocabulary\/TopicClassification"},{"topic":"Id\u00e9ologie politique","vocab":"CESSDA Topic Classification","uri":"https:\/\/vocabularies.cessda.eu\/vocabulary\/TopicClassification"},{"topic":"Religion et valeurs","vocab":"CESSDA Topic Classification","uri":"https:\/\/vocabularies.cessda.eu\/vocabulary\/TopicClassification"},{"topic":"Sant\u00e9 reproductive","vocab":"CESSDA Topic Classification","uri":"https:\/\/vocabularies.cessda.eu\/vocabulary\/TopicClassification"},{"topic":"Vie de famille et mariage","vocab":"CESSDA Topic Classification","uri":"https:\/\/vocabularies.cessda.eu\/vocabulary\/TopicClassification"}],"abstract":"Le mouvement de baisse profonde et rapide de la f\u00e9condit\u00e9, amorc\u00e9 vers 1965 et accentu\u00e9 dans le d\u00e9but de 1973, semblait s'\u00eatre interrompu vers le fin de 1975, et l'on avait m\u00eame observ\u00e9 de la mi-1978 \u00e0 la fin 1980 une l\u00e9g\u00e8re reprise. En 1982, les g\u00e9n\u00e9rations en \u00e2ge d'avoir des enfants risquaient n\u00e9anmoins de ne pas se renouveler nombre pour nombre : l'indice conjoncturel de f\u00e9condit\u00e9 demeurait encore au-dessous du seuil de remplacement. \nCette \u00e9volution d\u00e9mograhique, moins marqu\u00e9e d'ailleurs que dans la plupart des autres pays d'Europe occidentale, se situait dans un contexte g\u00e9n\u00e9ral de difficult\u00e9s \u00e9conomiques. Une crise de l'emploi particuli\u00e8rement sensible, avec un taux de ch\u00f4mage qui ne fl\u00e9chit pas. A la suite des \u00e9lections pr\u00e9sidentielles et l\u00e9gislatives de 1981, un changement d'orientation politique \u00e9tait intervenu, un gouvernement d'Union de la gauche, \u00e0 pr\u00e9pond\u00e9rance socialiste, ayant \u00e9t\u00e9 form\u00e9. \nDans cette conjoncture nouvelle, il avait paru important de se tourner vers la population elle-m\u00eame, pour observer ses r\u00e9actions et ses aspirations du moment. C'est pourquoi l'Ined, qui suivait d\u00e9j\u00e0 \u00e0 l'\u00e9poque depuis plus de 30 ans l'\u00e9volution des opinions et attitudes du public \u00e0 l'\u00e9gard de la situation d\u00e9mographique, a proc\u00e9d\u00e9 \u00e0 une nouvelle enqu\u00eate par sondage. Les deux derni\u00e8res enqu\u00eates remontaient respectivement \u00e0 la fin de 1976 et \u00e0 la fin de 1978. \nL'\u00e9tude dont il est question ici a eu lieu au mois de janvier 1982 et a port\u00e9 sur un \u00e9chantillon national repr\u00e9sentatif de 2517 personnes \u00e2g\u00e9es de 18 ans et plus.","time_periods":[{"start":"1982","end":"1982","cycle":""}],"coll_dates":[{"start":"1982-01","end":"1982-01","cycle":"Enqu\u00eate"}],"nation":[{"name":"France","abbreviation":"FR"}],"geog_coverage":"France m\u00e9tropolitaine","analysis_unit":"Individu","universe":"Individus de 18 ans ou plus (recensement de 1975)","data_kind":"Donn\u00e9es d'enqu\u00eate"},"method":{"data_collection":{"time_method":"Longitudinale : tendance \/ Transversale r\u00e9p\u00e9t\u00e9e","data_collectors":[{"name":"Institut national d'\u00e9tudes d\u00e9mographiques","abbreviation":"Ined","affiliation":""}],"sampling_procedure":"Non probabiliste : quota\n\t\t\n\t\tQuotas par :\n-sexe\n-\u00e2ge : 18-24 ans, 25-34 ans, 35-49 ans, 50-64 ans, 65 ans et plus\n-lieu de r\u00e9sidence : commune rurale, agglom\u00e9ration urbaine de moins de 50 000 habitants, de 50 000 \u00e0 199 999 habitants, de 200 000 habitants et plus, agglom\u00e9ration parisienne\n-r\u00e9gion : Nord-ouest, Nord-est, Sud-ouest, Sud-est, Ile-de-France\n-profession du chef de m\u00e9nage : cultivateurs, salari\u00e9s agricoles, ouvriers, manoeuvres, employ\u00e9s, cadres moyens, commer\u00e7ants, artisans, cadres sup\u00e9rieurs, industriels, professions lib\u00e9rales, retrait\u00e9s, inactifs","coll_mode":["Entretien en face-\u00e0-face"],"research_instrument":"Questionnaire structur\u00e9"}},"data_access":{"dataset_availability":{"access_place":"Quetelet Progedo Diffusion","access_place_uri":"http:\/\/quetelet.progedo.fr\/commander-des-donnees\/","original_archive":"DataLab - Service des Enqu\u00eates et Sondages - Ined","status":"FPR : Les Fichiers de Production et de Recherche (FPR) sont des donn\u00e9es pseudonymis\u00e9es dont l'acc\u00e8s n\u00e9cessite que le demandeur soit habilit\u00e9 par le Comit\u00e9 du secret statistique."},"dataset_use":{"conf_dec":[{"txt":"Si la demande est accept\u00e9e, cela conduit \u00e0 la signature d'un engagement individuel \u00e0 destination de l'Ined, et d'un engagement de confidentialit\u00e9 \u00e0 destination du Comit\u00e9 du Secret Statistique. Ces engagements requi\u00e8rent :  \n\t\t-D'utiliser les donn\u00e9es exclusivement dans une finalit\u00e9 de recherche ;\n\t\t-De ne pas c\u00e9der ces donn\u00e9es, sous quelque forme que ce soit, \u00e0 une tierce personne, que ce soit \u00e0 titre gratuit ou on\u00e9reux ;\n\t\t-De traiter ces donn\u00e9es conform\u00e9ment aux r\u00e8gles de l'art et du secret statistique ;\n\t\t-De mentionner la source des donn\u00e9es dans mes communications, publications\u2026 conform\u00e9ment au mod\u00e8le de citation pour l'utilisation des donn\u00e9es (cf. ci-apr\u00e8s) ;\n\t\t-D'informer le diffuseur de mes communications, publications\u2026 et lui en faire parvenir les  r\u00e9f\u00e9rences ;\n\t\t-D'informer le diffuseur des constats relatifs \u00e0 la qualit\u00e9 des donn\u00e9es ou \u00e0 leur difficult\u00e9 d'utilisation ;\n\t\t-D'informer le diffuseur de toute r\u00e9utilisation des donn\u00e9es pour une autre recherche que celle sp\u00e9cifi\u00e9e ci-dessus ;\n\t\t-De d\u00e9truire les fichiers \u00e0 l'issue du travail de recherche ;\n\t\t-De respecter la r\u00e8glementation en mati\u00e8re de protection des donn\u00e9es personnelles.","required":"","form_no":"","uri":""}],"restrictions":"Les fichiers diffus\u00e9s dans le cadre de Quetelet-PROGEDO-Diffusion sont accessibles aux chercheurs fran\u00e7ais et \u00e9trangers, doctorants, post-doctorants, et \u00e9tudiants de master \u00e0 des fins de recherche, de production scientifique et dans certains cas d'enseignement. Toute utilisation commerciale est exclue.\n\t\tLes crit\u00e8res d'une finalit\u00e9 de recherche sont la production ou reproduction, dans un but de validation de connaissances nouvelles de port\u00e9e g\u00e9n\u00e9rale. Les r\u00e9sultats sont publics et libres de diffusion.","contact":[{"name":"BARON Julie","affiliation":"Ined","email":"enquetes@ined.fr","uri":""}],"deposit_req":"Afin de fournir aux organismes producteurs l'information essentielle concernant l'utilisation des donn\u00e9es, les utilisateurs de donn\u00e9es sont tenus d'envoyer \u00e0 l'Ined (enquetes@ined.fr) publications r\u00e9alis\u00e9es \u00e0 partir de l'exploitation des donn\u00e9es de l'enqu\u00eate en envoyant la r\u00e9f\u00e9rence bibliographique et le r\u00e9sum\u00e9.","conditions":"L'acceptation de la demande faite sur le portail de commande de Quetelet-PROGEDO-Diffusion d\u00e9pend du statut de l'utilisateur, de la pr\u00e9sence d'une adresse e-mail institutionnelle et d'un projet de recherche. Si la demande est accept\u00e9e, cela conduit \u00e0 la signature d'un engagement individuel \u00e0 destination de l'Ined, et d'un engagement de confidentialit\u00e9 \u00e0 destination du Comit\u00e9 du Secret Statistique. Si les donn\u00e9es sont analys\u00e9es de mani\u00e8re collective, tous les membres du groupe de travail doivent faire une demande d'acc\u00e8s.","disclaimer":"L'Ined ne peut \u00eatre tenu responsable des interpr\u00e9tations ou d\u00e9ductions faites \u00e0 partir de l'utilisation des donn\u00e9es."}}},"schematype":"survey"}