{"doc_desc":{"title":"Etude des relations familiales et interg\u00e9n\u00e9rationnelles (ERFI - 2e vague) (2008)","idno":"IE0228 10.48756\/ined-IE0228-3577","producers":[{"name":"MORISSET Amandine","abbreviation":"","affiliation":"Service des enqu\u00eates et des sondages, Ined","role":""}],"version_statement":{"version":"Version 1.1 (2014-12) : Enrichissement des m\u00e9tadonn\u00e9es\nVersion 2.0 (2021-08-25) : Mise en conformit\u00e9 avec le CESSDA, enrichissement des m\u00e9tadonn\u00e9es","version_date":"2021-08-25"}},"study_desc":{"title_statement":{"idno":"IE0228","title":"Etude des relations familiales et interg\u00e9n\u00e9rationnelles (ERFI - 2e vague) (2008)","sub_title":"Version fran\u00e7aise de l'enqu\u00eate \"Generations and Gender Survey\" (GGS)","alt_title":"ERFI","translated_title":"Study of family and inter-generational relationships (ERFI - wave 2). French version of the GGS survey. (2008)"},"authoring_entity":[{"name":"REGNIER-LOILIER Arnaud","affiliation":"Ined"}],"oth_id":[{"name":"BOURGE Genevi\u00e8ve","affiliation":"Ined","email":"","role":"Mise en place du site internet de l'enqu\u00eate"},{"name":"BREDA-POPA Ruxandra","affiliation":"Ined","email":"","role":"Suivi des r\u00e9pondants entre les deux vagues \/ Pond\u00e9ration"},{"name":"BRIANCHON Isabelle","affiliation":"Ined","email":"","role":"Logo de l'enqu\u00eate fran\u00e7aise"},{"name":"BURNICHON Sylvie","affiliation":"Ined","email":"","role":"Coordination des conventions avec l'Ined"},{"name":"CAMPAGNE Nathalie","affiliation":"INSEE","email":"","role":"Capisation"},{"name":"DEDENON Jean-Luc","affiliation":"INSEE","email":"","role":"Coordination INSEE"},{"name":"GRYNSZPAN Nancy","affiliation":"Ined","email":"","role":"Coordination des conventions avec l'Ined"},{"name":"LEFEVRE C\u00e9cile","affiliation":"Ined","email":"","role":"Coordination Ined"},{"name":"LINCOT Liliane","affiliation":"INSEE","email":"","role":"Documentation et table SAS de diffusion"},{"name":"LOBO Patrick","affiliation":"INSEE","email":"","role":"Aval CAPI"},{"name":"RAZAFINDRATSIMA Nicolas","affiliation":"Ined","email":"","role":"Pond\u00e9ration"},{"name":"ZAMOURI Lamia","affiliation":"Ined","email":"","role":"Suivi des r\u00e9pondants entre les deux vagues"}],"production_statement":{"producers":[{"name":"Institut national d'\u00e9tudes d\u00e9mographiques","affiliation":"","role":"Ma\u00eetrise d'ouvrage"},{"name":"Institut national de la statistique et des \u00e9tudes \u00e9conomiques","affiliation":"","role":"Ma\u00eetrise d'oeuvre"}],"prod_date":"2008","funding_agencies":[{"name":"Institut national d'\u00e9tudes d\u00e9mographiques","abbreviation":"Ined","role":""},{"name":"Caisse nationale d'allocations familiales","abbreviation":"CNAF","role":""},{"name":"Direction de la recherche, des etudes, de l'evaluation et des statistiques","abbreviation":"DREES","role":""},{"name":"Institut national de la statistique et des \u00e9tudes \u00e9conomiques","abbreviation":"INSEE","role":""}]},"distribution_statement":{"distributors":[{"name":"Institut national d'\u00e9tudes d\u00e9mographiques","abbreviation":"Ined","affiliation":"","uri":"https:\/\/www.ined.fr\/"}],"distribution_date":"2014-12"},"series_statement":{"series_name":"\u00c9tude des relations familiales et interg\u00e9n\u00e9rationnelles (ERFI) (2005 \u2013 2011)","series_info":"\u00c9RFI est la d\u00e9clinaison fran\u00e7aise de l'enqu\u00eate internationale et longitudinale Generations and Gender Survey (GGS) r\u00e9alis\u00e9e dans une vingtaine de pays au d\u00e9but des ann\u00e9es 2000. Ce programme d'enqu\u00eates, initi\u00e9 par la Population Activities Unit (PAU) de la commission \u00e9conomique des Nations unies pour l'Europe (UNECE), s'inscrit dans la filiation des enqu\u00eates Fertility and Family Surveys men\u00e9es dans les ann\u00e9es 1990 (enqu\u00eate ESFE pour sa version fran\u00e7aise).\n\nLe questionnaire de l'enqu\u00eate se veut pluridisciplinaire, brassant les th\u00e9matiques propres \u00e0 la d\u00e9mographie et \u00e0 la sociologie (conjugalit\u00e9, parentalit\u00e9, f\u00e9condit\u00e9, relations entre g\u00e9n\u00e9rations, valeurs), mais aussi \u00e0 l'\u00e9conomie (situation d'activit\u00e9 et calendrier r\u00e9trospectif d'activit\u00e9, revenus, \u00e9quipement des m\u00e9nages, transferts d'argent), l'\u00e9pid\u00e9miologie (sant\u00e9 reproductive, handicap, maladies chroniques) ou encore la psychologie (\u00e9chelle de bien-\u00eatre).\n\nLes m\u00eames personnes ont \u00e9t\u00e9 interrog\u00e9es en face-\u00e0-face \u00e0 trois reprises sur six ans. Les questionnaires des trois vagues d'enqu\u00eate sont tr\u00e8s proches, tant dans leur architecture et leur contenu que dans la formulation des questions, afin de garantir la comparabilit\u00e9 au fil du temps. En 2005 (premi\u00e8re vague), 10 079 personnes \u00e2g\u00e9es de 18 \u00e0 79 ans ont r\u00e9pondu au questionnaire. Parmi elles, 6 534 ont pris part \u00e0 la deuxi\u00e8me vague d'enqu\u00eate (2008) et 5 781 \u00e0 la troisi\u00e8me vague (2011)."},"holdings":[{"text":"","location":"","callno":"","uri":"https:\/\/ses-nada.web.ined.fr\/index.php\/catalog\/59"}],"study_info":{"keywords":[{"keyword":"Fertilit\u00e9","vocab":"ELSST","uri":"https:\/\/elsst.cessda.eu\/id\/f0c23a85-46b7-4fbe-afdf-345818362649"},{"keyword":"G\u00e9n\u00e9rations (\u00e2ge)","vocab":"ELSST","uri":"https:\/\/elsst.cessda.eu\/id\/581888ef-7009-47bd-89be-8f62ac604ded"},{"keyword":"R\u00f4les des genres","vocab":"ELSST","uri":"https:\/\/elsst.cessda.eu\/id\/fcf2ceda-e8a7-4772-9103-a9f0d5954bb1"},{"keyword":"Familles","vocab":"ELSST","uri":"https:\/\/elsst.cessda.eu\/id\/37962809-512d-4f33-826f-15446df86392"},{"keyword":"Relation parents-enfants","vocab":"ELSST","uri":"https:\/\/elsst.cessda.eu\/id\/a88e1c65-1158-4abc-b8c1-ab77bff4b325"},{"keyword":"Valeurs","vocab":"ELSST","uri":"https:\/\/elsst.cessda.eu\/id\/4bde0ab9-1ff6-4821-ac9e-da53b9e01f7a"}],"topics":[{"topic":"1. Couples, famille, sexualit\u00e9","vocab":"Ined","uri":"https:\/\/www.ined.fr\/fr\/recherche\/enquetes\/enquetes-ined\/#theme-1"},{"topic":"2. Naissance, f\u00e9condit\u00e9, contraception","vocab":"Ined","uri":"https:\/\/www.ined.fr\/fr\/recherche\/enquetes\/enquetes-ined\/#theme-2"},{"topic":"6. Genre, in\u00e9galit\u00e9s hommes-femmes","vocab":"Ined","uri":"https:\/\/www.ined.fr\/fr\/recherche\/enquetes\/enquetes-ined\/#theme-6"},{"topic":"7. Ages de la vie, vieillissement","vocab":"Ined","uri":"https:\/\/www.ined.fr\/fr\/recherche\/enquetes\/enquetes-ined\/#theme-7"},{"topic":"Changement social","vocab":"CESSDA Topic Classification","uri":"https:\/\/vocabularies.cessda.eu\/vocabulary\/TopicClassification"},{"topic":"Comportement social et attitudes","vocab":"CESSDA Topic Classification","uri":"https:\/\/vocabularies.cessda.eu\/vocabulary\/TopicClassification"},{"topic":"Conditions et indicateurs sociaux","vocab":"CESSDA Topic Classification","uri":"https:\/\/vocabularies.cessda.eu\/vocabulary\/TopicClassification"},{"topic":"Genre et r\u00f4les de genre","vocab":"CESSDA Topic Classification","uri":"https:\/\/vocabularies.cessda.eu\/vocabulary\/TopicClassification"},{"topic":"Religion et valeurs","vocab":"CESSDA Topic Classification","uri":"https:\/\/vocabularies.cessda.eu\/vocabulary\/TopicClassification"},{"topic":"Sant\u00e9 et bien-\u00eatre","vocab":"CESSDA Topic Classification","uri":"https:\/\/vocabularies.cessda.eu\/vocabulary\/TopicClassification"},{"topic":"Sant\u00e9 reproductive","vocab":"CESSDA Topic Classification","uri":"https:\/\/vocabularies.cessda.eu\/vocabulary\/TopicClassification"},{"topic":"Vie de famille et mariage","vocab":"CESSDA Topic Classification","uri":"https:\/\/vocabularies.cessda.eu\/vocabulary\/TopicClassification"}],"abstract":"L'objectif de l'ERFI est de d\u00e9crire les situations familiales dans toute leur diversit\u00e9 et, notamment, les relations entretenues avec ses parents, enfants, petits-enfants, beaux-enfants mais aussi les relations de couples. Afin de comprendre ces comportements, plusieurs milliers de personnes ont \u00e9t\u00e9 suivies pendant plusieurs ann\u00e9es.\n\n__________\n\n\nPourquoi vit-on seul ou en couple, avec ou sans ses parents ? Est-ce une question d'\u00e2ge, de situation professionnelle, de sant\u00e9 ? Est-ce un choix, une contrainte ?\nQu'est-ce qui encourage ou d\u00e9courage le fait d'avoir ou d'adopter des enfants ? La situation de couple, les contraintes mat\u00e9rielles et financi\u00e8res, les possibilit\u00e9s de garde des enfants, les aides publiques ?\nQuelle est l'\u00e9volution de l'entraide familiale ? Est-elle li\u00e9e \u00e0 l'allongement de la dur\u00e9e de vie, aux difficult\u00e9s des jeunes \u00e0 s'installer (emploi, logement, etc.), aux contraintes de revenu, \u00e0 la distance g\u00e9ographique ?\n\nPour r\u00e9pondre \u00e0 ces questions, l'Ined a r\u00e9alis\u00e9 \u00e0 l'automne 2005 la premi\u00e8re vague de l'enqu\u00eate \"Etude des Relations Familiales et Interg\u00e9n\u00e9rationnelles\" (ERFI) en partenariat avec l'INSEE. Cette \u00e9tude s'inscrit dans le projet international d'enqu\u00eates comparatives et longitudinales \"Generations and Gender Programme\" (GGP - http:\/\/www.ggp-i.org\/).\nL'ERFI a interrog\u00e9 pendant plusieurs ann\u00e9es les m\u00eames personnes (6500 en vague 2), permettant une confrontation des intentions et leur r\u00e9alisation, et de rep\u00e9rer les facteurs qui ont pu emp\u00eacher la survenue de tel ou tel \u00e9v\u00e9nement. La comparaison internationale a permis de mieux mesurer l'efficacit\u00e9 des politiques familiales, et d'\u00e9clairer les pouvoirs publics sur la mise en place de nouvelles mesures en faveur des familles, de l'enfance ou des personnes \u00e2g\u00e9es.\n\nLa pr\u00e9sente documentation correspond \u00e0 la seconde vague, r\u00e9alis\u00e9e par l'Ined et l'INSEE \u00e0 l'automne 2008, soit 3 ans apr\u00e8s la premi\u00e8re vague.","time_periods":[{"start":"2008","end":"2008","cycle":""}],"coll_dates":[{"start":"2008-03-24","end":"2008-04-25","cycle":"Test du questionnaire ERFI deuxi\u00e8me vague"},{"start":"2008-10-20","end":"2008-12-12","cycle":"Enqu\u00eate ERFI deuxi\u00e8me vague"}],"nation":[{"name":"France","abbreviation":"FR"}],"geog_coverage":"France m\u00e9tropolitaine","analysis_unit":"Individu","universe":"Femmes et hommes \u00e2g\u00e9s de 21 \u00e0 82 ans inclus (\u00e2ge au 31\/12\/2008) et ayant r\u00e9pondu \u00e0 la 1\u00e8re vague de l'enqu\u00eate","data_kind":"Donn\u00e9es d'enqu\u00eate"},"method":{"data_collection":{"time_method":"Longitudinale : panel : continu","data_collectors":[{"name":"Institut national de la statistique et des \u00e9tudes \u00e9conomiques","abbreviation":"INSEE","affiliation":""}],"sampling_procedure":"Univers complet \/ d\u00e9nombrement complet\n\t\t\n\t\tPour la seconde vague de l'ERFI, il n'y a pas eu de tirage au sort des enqu\u00eat\u00e9s : n'ont \u00e9t\u00e9 r\u00e9interrog\u00e9es que les personnes d\u00e9j\u00e0 interview\u00e9es en 2005. Compte tenu de l'attrition, 8395 personnes (dont 4800 femmes et 3595 hommes) constituaient l'\u00e9chantillon de l'enqu\u00eate de 2008.","coll_mode":["Entretien en face-\u00e0-face : assist\u00e9 par ordinateur (CAPI \/ CAMI)\n\t\t\n\t\tL'enqu\u00eate s'est d\u00e9roul\u00e9e dans les m\u00eames conditions que pour la premi\u00e8re vague : questionnaire informatis\u00e9, sous \"CAPI\", entretiens en face-\u00e0-face, sans proxi autoris\u00e9, et de pr\u00e9f\u00e9rence sans tiers pr\u00e9sent durant l'entretien. Si la personne interrog\u00e9e en 2005 n'\u00e9tait pas pr\u00e9sente dans le m\u00e9nage, l'enqu\u00eateur prenait rendez-vous avec elle et, si celle-ci avait d\u00e9m\u00e9nag\u00e9 dans une autre r\u00e9gion, l'adresse \u00e9tait transmise \u00e0 un autre enqu\u00eateur. Si un r\u00e9pondant interrog\u00e9 en 2005 avait d\u00e9m\u00e9nag\u00e9 en dehors des zones habituelles d'enqu\u00eates (tout en restant en France m\u00e9tropolitaine), les enqu\u00eateurs sortaient exceptionnellement de leur zone d'action pour aller \u00e0 leur rencontre. Aucun entretien t\u00e9l\u00e9phoonique n'\u00e9tait autoris\u00e9, sauf cas exceptionnels, et apr\u00e8s accord avec le concepteur de l'enqu\u00eate. Cela n'a concern\u00e9 au final que quelques tr\u00e8s rares cas. Notons enfin que les personnes parties vivre \u00e0 l'\u00e9tranger ou en institution (maison de retraite par exemple) n'ont pas \u00e9t\u00e9 interrog\u00e9es."],"research_instrument":"Questionnaire structur\u00e9\n\t\t\n\t\tLe questionnaire de la seconde vague est tr\u00e8s proche de celui de la premi\u00e8re vague. La comparabilit\u00e9 entre les deux vagues a \u00e9t\u00e9 privil\u00e9gi\u00e9e, avec cependant quelques am\u00e9nagements. De fa\u00e7on sommaire, le questionnaire fran\u00e7ais de la seconde vague comportait 12 modules :\n* M\u00e9nage : logement, liste des membres du m\u00e9nage, liens entre eux ;\n* Enfants : r\u00e9partition des t\u00e2ches parentales, mode de garde des enfants et co\u00fbts, description des enfants non pr\u00e9sents dans le m\u00e9nage (enfants non cohabitants, enfants d\u00e9c\u00e9d\u00e9s, beaux-enfants) ;\n* Conjoints : pr\u00e9cisions sur le conjoint actuel, cohabitant ou non, statut matrimonial, mode de vie, histoire conjugale entre 2005 et 2008 ;\n* Organisation du m\u00e9nage et caract\u00e9ristiques du couple : r\u00e9partition des t\u00e2ches, entente entre conjoints, gestion des d\u00e9saccords ;\n* Parents et foyer parental : enfance, mode de vie des parents, d\u00e9part du foyer parental, fratrie du r\u00e9pondant, grands-parents ;\n* F\u00e9condit\u00e9 : grossesses en cours, planification des naissances, m\u00e9thodes contraceptives, difficult\u00e9s \u00e0 avoir des enfants, intentions de f\u00e9condit\u00e9, pr\u00e9f\u00e9rence quant au sexe des enfants ;\n* Sant\u00e9 et bien-\u00eatre : maladie ou handicap, difficult\u00e9s au quotidien, aide re\u00e7ue ou donn\u00e9e, soutien psychologique, bien-\u00eatre moral ;\n* Grille professionnelle : r\u00e9trospective des p\u00e9riodes d'activit\u00e9 - inactivit\u00e9 depuis le 16e anniversaire du r\u00e9pondant ;\n* Activit\u00e9 et revenus du r\u00e9pondant : profession, horaires de travail, r\u00e9gularit\u00e9 du travail, satisfaction et intentions de changer d'emploi, de prendre sa retraite ;\n* Activit\u00e9 et revenus du conjoint : profession, temps de travail, r\u00e9gularit\u00e9 du travail ;\n* Biens du m\u00e9nage, revenus et h\u00e9ritages : biens et revenus du m\u00e9nage, possession de tel ou tel bien, aisance mat\u00e9rielle, transferts interg\u00e9n\u00e9rationnels, aides et allocations re\u00e7ues, possibilit\u00e9 d'\u00e9pargner ;\n* Valeurs et attitudes : opinions sur diff\u00e9rents sujets.\nLes principaux changements apport\u00e9s au questionnaire entre la vague 1 (2005) et la vague 2 (2008) sont :\n- ajout d'un calendrier r\u00e9trospectif des p\u00e9riodes d'activit\u00e9-ch\u00f4mage-formation depuis le 16\u00e8me anniversaire du r\u00e9pondant ;\n- certaines questions ont \u00e9t\u00e9 supprim\u00e9es, notamment relatives aux parents du r\u00e9pondant (date de naissance, pays de naissance, etc.) et au r\u00e9pondant lui-m\u00eame (pays et date de naissance, etc.) car, d\u00e9j\u00e0 collect\u00e9es lors de la premi\u00e8re vague, ces informations n'avaient pas lieu d'\u00eatre collect\u00e9es \u00e0 nouveau. D'autres questions ont aussi \u00e9t\u00e9 supprim\u00e9es, en lien avec les intentions, la planification infra-annuelle des naissances, les difficult\u00e9s \u00e0 avoir un enfant et avec la connaissance du syst\u00e8me de retraite fran\u00e7ais.\n- dans la premi\u00e8re vague on \u00e9tablissait la r\u00e9trospective compl\u00e8te du calendrier des naissances, des unions. Dans la deuxi\u00e8me vague, la r\u00e9trospective n'a port\u00e9 que sur les trois derni\u00e8res ann\u00e9es.\n- d'autres points ont par ailleurs \u00e9t\u00e9 pr\u00e9cis\u00e9s en deuxi\u00e8me vague par l'ajout de questions : les relations amoureuses stables non cohabitantes, le cong\u00e9 parental \u00e0 temps partiel, la satisfaction d'\u00eatre au ch\u00f4mage, etc.\nEn 2005, deux questions \u00e9taient qualifi\u00e9s de \"sensibles\" et n\u00e9cessitaient de faire signer au r\u00e9pondant une fiche d'autorisation express : la premi\u00e8re d\u00e9crivait directement l'appartenance religieuse, la seconde, sur le PACS, \u00e9tait susceptible de marquer l'orientation sexuelle du r\u00e9pondant. En 2008, la question sur la religion a \u00e9t\u00e9 supprim\u00e9e, et la question sur le PACS n'a plus \u00e9t\u00e9 soumise \u00e0 une autorisation express.","coll_situation":"Les personnes interrog\u00e9es en 2005 et ayant accept\u00e9 que l'on reprenne contact en 2008 en vue d'un second questionnaire ont toutes \u00e9t\u00e9 \"suivies\" par le service des enqu\u00eates de l'Ined. Deux courriers \u00e9taient envoy\u00e9s chaque ann\u00e9e (accompagn\u00e9s de premiers r\u00e9sultats, carte de voeux, etc.) afin d'actualiser r\u00e9guli\u00e8rement le fichier d'adresses (mise \u00e0 jour des adresses, sortie de l'\u00e9chantillon des personnes d\u00e9c\u00e9d\u00e9es ou refusant finalement de poursuivre l'\u00e9tude, etc.). Les courriers qui ne parvenaient pas \u00e0 la personne (par exemple suite \u00e0 un d\u00e9m\u00e9nagement) revenaient dans certains cas \u00e0 l'Ined. Ils donnaient lieu \u00e0 une recherche syst\u00e9matique des nouvelles coordonn\u00e9es de la personne, via Internet, ou en mobilisant l'ensemble des informations disponibles sur les \"fiches de suivi\" (t\u00e9l\u00e9phone portable ou fixe, coordonn\u00e9es des personnes, etc.).\n\nAu total, 454 enqu\u00eateurs ont \u00e9t\u00e9 mobilis\u00e9s pour la collecte de la seconde vague. L'Ined et l'INSEE ont fait en sorte de mobiliser autant que possibles les m\u00eames enqu\u00eateurs que ceux ayant r\u00e9alis\u00e9 la premi\u00e8re vague. En moyenne, un entretien durait aux alentours de 55 minutes, avec une variance importante selon les situations.","weight":"L'\u00e9chantillon de la seconde vague de l'ERFI est constitu\u00e9 uniquement de r\u00e9pondants ayant particip\u00e9 \u00e0 la premi\u00e8re vague, mais pas tous. L'\u00e9chantillon a subi une d\u00e9perdition de 35%. L'\u00e9chantillon interrog\u00e9 en 2008 n'est donc en aucun cas repr\u00e9sentatif de la population fran\u00e7aise de 2008. Seule une utilisation en longitudinal est possible, ou une utilisation transversale repr\u00e9sentative de 2005, \u00e0 condition d'utiliser la variable de pond\u00e9ration POIDS_V2 qui corrige l'attrition et cale l'\u00e9chantillon sur les marges de 2005. Il est \u00e0 noter que compte tenu de l'ampleur de l'attrition, toute utilisation en transversal sera d'une moindre pr\u00e9cision et n\u00e9cessitera de s'assurer pr\u00e9alablement que la distorsion sur les variables d'int\u00e9r\u00eat n'est pas significative.\nLa variable de pond\u00e9ration POIDS_V2 ne corrige cependant en rien les autres niveaux d'observation (individu, enfant). Il n'est donc pas possible, m\u00eame en utilisant la variable de pond\u00e9ration POIDS_V2, d'\u00e9tablir des statistiques repr\u00e9sentatives \u00e0 partir du fichier ENFANT_V2 ou du fichier INDIVIDU_V2."},"analysis_info":{"response_rate":"A l'automne 2005, 10079 personnes, femmes et hommes, \u00e2g\u00e9s de 18 \u00e0 79 ans ont \u00e9t\u00e9 interrog\u00e9s. L'\u00e9chantillon \u00e9tait repr\u00e9sentatif de la population de la France m\u00e9tropolitaine de 2005.\nAu total, 6576 entretiens ont pu \u00eatre r\u00e9alis\u00e9s lors du terrain de l'automne 2008. Cependant, 42 questionnaires (sur les 6576) ont d\u00fb \u00eatre retir\u00e9s de la base car les personnes ayant r\u00e9pondu en 2008 ne correspondaient assur\u00e9ment pas \u00e0 celles interrog\u00e9es trois ans plus t\u00f4t.\nAu final, 6534 personnes figurent dans la base de donn\u00e9es de 2008, soit un taux d'attrition de 35%. La d\u00e9perdition peut s'expliquer de diff\u00e9rentes mani\u00e8res (refus de participer au panel, d\u00e9c\u00e8s, pertes de contact avec le r\u00e9pondant, etc.).\nParmi les 6534 r\u00e9pondants, 97% ont accept\u00e9 que l'on garde contact avec eux en vue de la troisi\u00e8me et derni\u00e8re vague de l'enqu\u00eate pr\u00e9vue \u00e0 l'automne 2011."}},"data_access":{"dataset_availability":{"access_place":"Quetelet Progedo Diffusion","access_place_uri":"http:\/\/quetelet.progedo.fr\/commander-des-donnees\/","original_archive":"DataLab - Service des Enqu\u00eates et Sondages - Ined","status":"FPR : Les Fichiers de Production et de Recherche (FPR) sont des donn\u00e9es pseudonymis\u00e9es dont l'acc\u00e8s n\u00e9cessite que le demandeur soit habilit\u00e9 par le Comit\u00e9 du secret statistique."},"dataset_use":{"conf_dec":[{"txt":"Si la demande est accept\u00e9e, cela conduit \u00e0 la signature d'un engagement individuel \u00e0 destination de l'Ined, et d'un engagement de confidentialit\u00e9 \u00e0 destination du Comit\u00e9 du Secret Statistique. Ces engagements requi\u00e8rent :  \n\t\t-D'utiliser les donn\u00e9es exclusivement dans une finalit\u00e9 de recherche ;\n\t\t-De ne pas c\u00e9der ces donn\u00e9es, sous quelque forme que ce soit, \u00e0 une tierce personne, que ce soit \u00e0 titre gratuit ou on\u00e9reux ;\n\t\t-De traiter ces donn\u00e9es conform\u00e9ment aux r\u00e8gles de l'art et du secret statistique ;\n\t\t-De mentionner la source des donn\u00e9es dans mes communications, publications\u2026 conform\u00e9ment au mod\u00e8le de citation pour l'utilisation des donn\u00e9es (cf. ci-apr\u00e8s) ;\n\t\t-D'informer le diffuseur de mes communications, publications\u2026 et lui en faire parvenir les  r\u00e9f\u00e9rences ;\n\t\t-D'informer le diffuseur des constats relatifs \u00e0 la qualit\u00e9 des donn\u00e9es ou \u00e0 leur difficult\u00e9 d'utilisation ;\n\t\t-D'informer le diffuseur de toute r\u00e9utilisation des donn\u00e9es pour une autre recherche que celle sp\u00e9cifi\u00e9e ci-dessus ;\n\t\t-De d\u00e9truire les fichiers \u00e0 l'issue du travail de recherche ;\n\t\t-De respecter la r\u00e8glementation en mati\u00e8re de protection des donn\u00e9es personnelles.","required":"","form_no":"","uri":""}],"restrictions":"Les fichiers diffus\u00e9s dans le cadre de Quetelet-PROGEDO-Diffusion sont accessibles aux chercheurs fran\u00e7ais et \u00e9trangers, doctorants, post-doctorants, et \u00e9tudiants de master \u00e0 des fins de recherche, de production scientifique et dans certains cas d'enseignement. Toute utilisation commerciale est exclue.\n\t\tLes crit\u00e8res d'une finalit\u00e9 de recherche sont la production ou reproduction, dans un but de validation de connaissances nouvelles de port\u00e9e g\u00e9n\u00e9rale. Les r\u00e9sultats sont publics et libres de diffusion.","contact":[{"name":"BARON Julie","affiliation":"Ined","email":"enquetes@ined.fr","uri":""}],"cit_req":"La publication de r\u00e9sultats doit syst\u00e9matiquement faire mention de la source :\n- \"source : Ined-Insee, ERFI-GGS 1, 2005\" pour les r\u00e9sultats issus de la premi\u00e8re vague uniquement\n- \"source : Ined-Insee, ERFI-GGS 12, 2005-2008\" pour les r\u00e9sultats issus des deux premi\u00e8res vagues\n- \"source : Ined-Insee, ERFI-GGS 13, 2005-2011\" pour les r\u00e9sultats issus des vagues 1 et 3 de l'enqu\u00eate\n- \"source : Ined-Insee, ERFI-GGS 123, 2005-2011\" pour les r\u00e9sultats issus des trois vagues de l'enqu\u00eate","deposit_req":"Afin de fournir aux organismes producteurs l'information essentielle concernant l'utilisation des donn\u00e9es, les utilisateurs de donn\u00e9es sont tenus d'envoyer \u00e0 l'Ined (enquetes@ined.fr) publications r\u00e9alis\u00e9es \u00e0 partir de l'exploitation des donn\u00e9es de l'enqu\u00eate en envoyant la r\u00e9f\u00e9rence bibliographique et le r\u00e9sum\u00e9.","conditions":"L'acceptation de la demande faite sur le portail de commande de Quetelet-PROGEDO-Diffusion d\u00e9pend du statut de l'utilisateur, de la pr\u00e9sence d'une adresse e-mail institutionnelle et d'un projet de recherche. Si la demande est accept\u00e9e, cela conduit \u00e0 la signature d'un engagement individuel \u00e0 destination de l'Ined, et d'un engagement de confidentialit\u00e9 \u00e0 destination du Comit\u00e9 du Secret Statistique. Si les donn\u00e9es sont analys\u00e9es de mani\u00e8re collective, tous les membres du groupe de travail doivent faire une demande d'acc\u00e8s.","disclaimer":"L'Ined ne peut \u00eatre tenu responsable des interpr\u00e9tations ou d\u00e9ductions faites \u00e0 partir de l'utilisation des donn\u00e9es."}}},"schematype":"survey"}