{"doc_desc":{"title":"Une enqu\u00eate sur l'aide aux m\u00e8res de familles (1948)","idno":"IE0023","producers":[{"name":"MORISSET Amandine","abbreviation":"","affiliation":"Service des enqu\u00eates et des sondages, Ined","role":""}],"prod_date":"2010-04-16","version_statement":{"version":"Version 1.0 (2011-03-18)\nVersion 2.0 (2021-08-25) : Mise en conformit\u00e9 avec le CESSDA, enrichissement des m\u00e9tadonn\u00e9es","version_date":"2021-08-25"}},"study_desc":{"title_statement":{"idno":"IE0023","title":"Une enqu\u00eate sur l'aide aux m\u00e8res de familles (1948)","sub_title":"Extension des cr\u00e8ches - Travail \u00e0 temps partiel","translated_title":"Survey on assistance provided to mothers. Extension of childcare centres - Part-time working"},"authoring_entity":[{"name":"GIRARD Alain","affiliation":"Ined"}],"production_statement":{"producers":[{"name":"Institut national d'\u00e9tudes d\u00e9mographiques","affiliation":"","role":""}],"prod_date":"1948","funding_agencies":[{"name":"Institut national d'\u00e9tudes d\u00e9mographiques","abbreviation":"Ined","role":""}]},"distribution_statement":{"distributors":[{"name":"Institut national d'\u00e9tudes d\u00e9mographiques","abbreviation":"Ined","affiliation":"","uri":"https:\/\/www.ined.fr\/"}]},"holdings":[{"text":"","location":"","callno":"","uri":"https:\/\/ses-nada.web.ined.fr\/index.php\/catalog\/91"}],"study_info":{"keywords":[{"keyword":"Services de garde d'enfants","vocab":"ELSST","uri":"https:\/\/elsst.cessda.eu\/id\/8b731d5b-f378-46a1-9bbe-fc23046a724b"},{"keyword":"M\u00e8res","vocab":"ELSST","uri":"https:\/\/elsst.cessda.eu\/id\/a773ee42-9a96-4695-a379-fa8670f539c5"},{"keyword":"M\u00e8res exer\u00e7ant une activit\u00e9 professionnelle","vocab":"ELSST","uri":"https:\/\/elsst.cessda.eu\/id\/7a6eeee2-53ae-4c00-989d-821074ba9e27"},{"keyword":"Enfants d'\u00e2ge pr\u00e9scolaire","vocab":"ELSST","uri":"https:\/\/elsst.cessda.eu\/id\/31c85451-53ed-4f6c-86cf-7e66c4074935"},{"keyword":"R\u00f4les des femmes","vocab":"ELSST","uri":"https:\/\/elsst.cessda.eu\/id\/a3fe56ae-3c9b-40d3-9a57-30cbe172ebf9"}],"abstract":"Depuis toujours, la t\u00e2che des m\u00e8res de famille, qui ont des enfants en bas \u00e2ge et qui sont oblig\u00e9es de travailler au-dehors, est particuli\u00e8rement lourde, et les exigences du budget familial sont souvent en contradiction avec celles de la maternit\u00e9. Cela \u00e9tait d\u00e9j\u00e0 vrai en 1948, o\u00f9, sur le plan national, les besoins en main-d'oeuvre n\u00e9cessitaient la pr\u00e9sence d'un grand nombre de femmes dans l'industrie et dans les administrations. \nLe probl\u00e8me pos\u00e9 par ce ph\u00e9nom\u00e8ne avait-il alors des solutions susceptibles de faciliter la t\u00e2che des m\u00e8res de famille, tout en satisfaisant \u00e0 la fois les int\u00e9r\u00eats particuliers et l'int\u00e9r\u00eat g\u00e9n\u00e9ral ? Plusieurs possibilit\u00e9s avaient \u00e9t\u00e9 propos\u00e9es par le gouvernement, notamment certaines d\u00e9j\u00e0 r\u00e9alis\u00e9es \u00e0 l'\u00e9tranger sur une \u00e9chelle plus vaste qu'en France. L'Institut national d'\u00e9tudes d\u00e9mographiques avait choisi d'en \u00e9tudier deux, au moyen d'une enqu\u00eate par sondage, men\u00e9e au mois d'avril 1948 : l'extension des cr\u00e8ches pour les enfants en bas-\u00e2ge et l'institution du travail \u00e0 temps partiel pour les femmes.\nSans examiner les modalit\u00e9s techniques de pareilles mesures, l'enqu\u00eate s'\u00e9tait attach\u00e9e \u00e0 appr\u00e9cier l'accueil qu'elles pourraient rencontrer aupr\u00e8s des int\u00e9ress\u00e9es en France.","time_periods":[{"start":"1948","end":"1948","cycle":""}],"coll_dates":[{"start":"1948-03","end":"1948-04","cycle":"Enqu\u00eate"}],"nation":[{"name":"France","abbreviation":"FR"}],"geog_coverage":"Milieu urbain fran\u00e7ais (agglom\u00e9rations d'au moins 5000 habitants)","analysis_unit":"Individu","universe":"M\u00e8res de famille ayant au minimum un enfant de 4 ans ou moins, r\u00e9sidant dans les agglom\u00e9rations de plus de 5000 habitants et appartenant au milieu des salari\u00e9s, ouvriers, employ\u00e9s ou fonctionnaires","data_kind":"Donn\u00e9es d'enqu\u00eate"},"method":{"data_collection":{"time_method":"Transversale","data_collectors":[{"name":"Institut national d'\u00e9tudes d\u00e9mographiques","abbreviation":"Ined","affiliation":""}],"sampling_procedure":"Non probabiliste : quota\n\t\t\nQuotas par :\n-milieu professionnel du mari (ouvrier, employ\u00e9 ou fonctionnaire)\n-r\u00e9gion\n-nombre d'habitants dans l'agglom\u00e9ration\n\nDans les cas de femmes veuves, les enqu\u00eateurs avaient pour consigne de choisir des femmes dont le milieu correspondait \u00e0 celui d'ouvriers ou d'employ\u00e9s ou fonctionnaires. Par ailleurs, les correspondants devaient s'efforcer de recueillir de pr\u00e9f\u00e9rence les opinions des milieux dans lesquels ils avaient habituellement acc\u00e8s, sans chercher \u00e0 interroger ou \u00e0 \u00e9viter syst\u00e9matiquement les m\u00e8res qui confiaient leurs enfants \u00e0 des cr\u00e8ches.","coll_mode":["Entretien en face-\u00e0-face"],"research_instrument":"Questionnaire semi-structur\u00e9\n\t\t\n\t\tQuestionnaire anonyme et semi-directif avec possibilit\u00e9 d'\u00e9mettre un commentaire sur quelques-unes des questions. Il comprend 19 questions en plus de celles sur les caract\u00e9ristiques socio-d\u00e9mographiques de l'enqu\u00eat\u00e9e (profession du mari et de la femme, \u00e2ge et sexe des enfants, nombres de personnes vivant dans le foyer, pr\u00e9sence de domestiques, localit\u00e9, nombre d'habitants, etc.).\nLe questionnaire porte sur les th\u00e8mes suivants :\n-la fr\u00e9quentation des cr\u00e8ches\n-l'extension des cr\u00e8ches\n-les cr\u00e8ches et le travail f\u00e9minin\n-le travail \u00e0 temps partiel"},"analysis_info":{"response_rate":"1786 femmes ont \u00e9t\u00e9 interrog\u00e9es.","data_appraisal":"Au total, 1786 personnes ont \u00e9t\u00e9 interrog\u00e9es, r\u00e9parties proportionnellement au nombre total de la population, au double point de vue de la localisation g\u00e9ographique et de la concentration urbaine. La proportion des sujets \u00e9tait toutefois un peu forte \u00e0 Paris.\n\nA propos de la connaissance et l'utilisation des cr\u00e8ches par les femmes, les chiffres doivent \u00eatre utilis\u00e9s avec prudence. En effet, il \u00e9tait demand\u00e9 aux correspondants \"de recueillir de pr\u00e9f\u00e9rence les opinions des milieux o\u00f9 ils ont habituellement acc\u00e8s, sans chercher \u00e0 interroger ou \u00e0 \u00e9viter syst\u00e9matiquement les m\u00e8res qui confient leurs enfants \u00e0 des cr\u00e8ches\". Il est impossible de savoir dans quelle mesure cette recommandation a \u00e9t\u00e9 suivie. D'assez nombreux correspondants n'ont pas voulu participer \u00e0 l'enqu\u00eate, all\u00e9guant qu'il n'existait pas de cr\u00e8che dans leur localit\u00e9, quelle que soit d'ailleurs l'importance de cette localit\u00e9. En outre, rien n'indique que les localit\u00e9s o\u00f9 il en existait figurent dans l'\u00e9chantillon en proportion convenable. Enfin, des diff\u00e9rences assez sensibles pouvaient \u00eatre distingu\u00e9es selon les cat\u00e9gories professionnelles, et l'\u00e9chantillon ne refl\u00e8te pas exactement les proportions de ces cat\u00e9gories."}}},"schematype":"survey"}